{"id":235,"date":"2015-05-25T12:54:42","date_gmt":"2015-05-25T16:54:42","guid":{"rendered":"http:\/\/santemc.quebec\/icentre\/?p=235"},"modified":"2015-05-25T13:32:28","modified_gmt":"2015-05-25T17:32:28","slug":"un-prix-dexcellence-en-sante-pour-le-projet-avc-de-lhopital-du-haut-richelieu","status":"publish","type":"post","link":"https:\/\/santemc.quebec\/icentre\/un-prix-dexcellence-en-sante-pour-le-projet-avc-de-lhopital-du-haut-richelieu\/","title":{"rendered":"Un prix d\u2019excellence en sant\u00e9 pour le projet AVC de l\u2019H\u00f4pital du Haut-Richelieu"},"content":{"rendered":"<p><a href=\"http:\/\/santemc.quebec\/santemc\/icentre\/wp-content\/uploads\/2015\/05\/RBL40791.jpg\"><img decoding=\"async\" loading=\"lazy\" class=\"alignleft wp-image-237 size-medium\" src=\"http:\/\/santemc.quebec\/santemc\/icentre\/wp-content\/uploads\/2015\/05\/RBL40791-300x200.jpg\" alt=\"l\u2019\u00e9quipe multidisciplinaire d\u00e9di\u00e9e \u00e0 la client\u00e8le victime d\u2019un accident vasculaire c\u00e9r\u00e9bral \" width=\"300\" height=\"200\" \/><\/a><\/p>\n<p>\u00c0 l\u2019occasion du 51e Gala de l\u2019excellence de la Chambre de commerce et de l\u2019industrie du Haut-Richelieu (CCIHR), les membres du jury ont couronn\u00e9 grande gagnante\u00a0 l\u2019\u00e9quipe multidisciplinaire d\u00e9di\u00e9e \u00e0 la client\u00e8le victime d\u2019un accident vasculaire c\u00e9r\u00e9bral (AVC). Ce projet novateur avait comme objectifs de diminuer les complications \u00e9vitables, le taux de r\u00e9admission et la dur\u00e9e de l\u2019hospitalisation des patients afin de r\u00e9pondre aux meilleurs standards de qualit\u00e9.<!--more--><\/p>\n<p>L\u2019H\u00f4pital du Haut-Richelieu peut d\u00e9sormais compter sur l\u2019expertise d\u2019une \u00e9quipe multidisciplinaire d\u00e9di\u00e9e pour \u00e9valuer, surveiller et traiter efficacement cette client\u00e8le. L\u2019H\u00f4pital fait partie des rares centres non universitaires au Qu\u00e9bec \u00e0 avoir une unit\u00e9 sp\u00e9cifique pour les patients victimes d\u2019AVC. D\u2019ailleurs, depuis la cr\u00e9ation de l\u2019\u00e9quipe, on note que le s\u00e9jour des patients \u00e0 l\u2019urgence est pass\u00e9 de 20 \u00e0 14 heures et que le temps d\u2019hospitalisation a diminu\u00e9 de 9 \u00e0 8 jours.<\/p>\n<h2>Survol des deux autres projets finalistes<\/h2>\n<p>Le programme de r\u00e9\u00e9ducation respiratoire, d\u00e9velopp\u00e9 gr\u00e2ce \u00e0 un partenariat novateur entre notre \u00e9tablissement et l\u2019entreprise Oxyg\u00e8ne Granby, permet aux patients atteints de troubles respiratoires d\u2019avoir acc\u00e8s plus rapidement \u00e0 des services dans leur communaut\u00e9. C\u2019est aussi gr\u00e2ce \u00e0 ce partenariat que le Centre de r\u00e9\u00e9ducation respiratoire Haut-Richelieu\u2013Rouville a pu ouvrir ses portes en 2013. Compl\u00e8tement autofinanc\u00e9, le projet a permis d\u2019am\u00e9liorer significativement la qualit\u00e9 de vie des usagers, tout en r\u00e9duisant le nombre de visites \u00e0 l\u2019urgence et les hospitalisations.<\/p>\n<p>L\u2019autre projet finaliste est celui de la pr\u00e9admission en chirurgie de remplacement de la hanche ou du genou. Afin de faire face \u00e0 la hausse importante du volume de ces chirurgies dans la r\u00e9gion, le processus de pr\u00e9admission des usagers a \u00e9t\u00e9 enti\u00e8rement revu. Une s\u00e9ance d\u2019information pr\u00e9paratoire est organis\u00e9e pour r\u00e9pondre aux besoins et aux inqui\u00e9tudes des patients. Pr\u00e8s de 700 patients ont particip\u00e9 \u00e0 ces rencontres depuis leur lancement en 2014.<\/p>\n","protected":false},"excerpt":{"rendered":"<p>\u00c0 l\u2019occasion du 51e Gala de l\u2019excellence de la Chambre de commerce et de l\u2019industrie du Haut-Richelieu (CCIHR), les membres du jury ont couronn\u00e9 grande gagnante\u00a0 l\u2019\u00e9quipe multidisciplinaire d\u00e9di\u00e9e \u00e0 la client\u00e8le victime d\u2019un accident vasculaire c\u00e9r\u00e9bral (AVC). Ce projet &hellip; <a href=\"https:\/\/santemc.quebec\/icentre\/un-prix-dexcellence-en-sante-pour-le-projet-avc-de-lhopital-du-haut-richelieu\/\">Continuer la lecture <span class=\"meta-nav\">&rarr;<\/span><\/a><\/p>\n","protected":false},"author":1,"featured_media":0,"comment_status":"open","ping_status":"closed","sticky":false,"template":"","format":"standard","meta":{"footnotes":""},"categories":[2],"tags":[],"_links":{"self":[{"href":"https:\/\/santemc.quebec\/icentre\/wp-json\/wp\/v2\/posts\/235"}],"collection":[{"href":"https:\/\/santemc.quebec\/icentre\/wp-json\/wp\/v2\/posts"}],"about":[{"href":"https:\/\/santemc.quebec\/icentre\/wp-json\/wp\/v2\/types\/post"}],"author":[{"embeddable":true,"href":"https:\/\/santemc.quebec\/icentre\/wp-json\/wp\/v2\/users\/1"}],"replies":[{"embeddable":true,"href":"https:\/\/santemc.quebec\/icentre\/wp-json\/wp\/v2\/comments?post=235"}],"version-history":[{"count":6,"href":"https:\/\/santemc.quebec\/icentre\/wp-json\/wp\/v2\/posts\/235\/revisions"}],"predecessor-version":[{"id":250,"href":"https:\/\/santemc.quebec\/icentre\/wp-json\/wp\/v2\/posts\/235\/revisions\/250"}],"wp:attachment":[{"href":"https:\/\/santemc.quebec\/icentre\/wp-json\/wp\/v2\/media?parent=235"}],"wp:term":[{"taxonomy":"category","embeddable":true,"href":"https:\/\/santemc.quebec\/icentre\/wp-json\/wp\/v2\/categories?post=235"},{"taxonomy":"post_tag","embeddable":true,"href":"https:\/\/santemc.quebec\/icentre\/wp-json\/wp\/v2\/tags?post=235"}],"curies":[{"name":"wp","href":"https:\/\/api.w.org\/{rel}","templated":true}]}}