{"id":2350,"date":"2016-05-27T15:27:15","date_gmt":"2016-05-27T19:27:15","guid":{"rendered":"http:\/\/santemc.quebec\/icentre\/?p=2350"},"modified":"2016-05-27T15:27:15","modified_gmt":"2016-05-27T19:27:15","slug":"le-centre-de-recherche-hclm-celebre-20-ans-de-recherche-engagee","status":"publish","type":"post","link":"https:\/\/santemc.quebec\/icentre\/le-centre-de-recherche-hclm-celebre-20-ans-de-recherche-engagee\/","title":{"rendered":"Le Centre de recherche &#8211; HCLM c\u00e9l\u00e8bre 20 ans de recherche engag\u00e9e"},"content":{"rendered":"<div id=\"attachment_2365\" style=\"width: 310px\" class=\"wp-caption alignleft\"><a href=\"https:\/\/santemc.quebec\/icentre\/?attachment_id=2365\" rel=\"attachment wp-att-2365\"><img aria-describedby=\"caption-attachment-2365\" decoding=\"async\" loading=\"lazy\" class=\"wp-image-2365 size-medium\" src=\"http:\/\/santemc.quebec\/santemc\/icentre\/wp-content\/uploads\/2016\/05\/\u00c9quipe-UdeS-et-Centre-de-recherche-300x200.jpg\" alt=\"Colloque 20 ans d'innovation\" width=\"300\" height=\"200\" srcset=\"https:\/\/santemc.quebec\/santemc\/icentre\/wp-content\/uploads\/2016\/05\/\u00c9quipe-UdeS-et-Centre-de-recherche-300x200.jpg 300w, https:\/\/santemc.quebec\/santemc\/icentre\/wp-content\/uploads\/2016\/05\/\u00c9quipe-UdeS-et-Centre-de-recherche-768x512.jpg 768w, https:\/\/santemc.quebec\/santemc\/icentre\/wp-content\/uploads\/2016\/05\/\u00c9quipe-UdeS-et-Centre-de-recherche-450x300.jpg 450w, https:\/\/santemc.quebec\/santemc\/icentre\/wp-content\/uploads\/2016\/05\/\u00c9quipe-UdeS-et-Centre-de-recherche.jpg 855w\" sizes=\"(max-width: 300px) 100vw, 300px\" \/><\/a><p id=\"caption-attachment-2365\" class=\"wp-caption-text\">De gauche \u00e0 droite : Dr Luc Boileau, PDG de l\u2019INESSS, Pr Jean-Pierre Perreault, vice-doyen \u00e0 la recherche et aux \u00e9tudes sup\u00e9rieures de l\u2019Universit\u00e9 de Sherbrooke, Mme Dani\u00e8le Roberge, P.h. D., chercheure au CR-HCLM, Pr Jean-Louis Denis, directeur du CR-HCLM, Dr Andr\u00e9 Bellavance, directeur fondateur du CR-HCLM et Dr Pierre Cossette, doyen de la Facult\u00e9 de m\u00e9decine et des sciences de la sant\u00e9 de l\u2019UdeS.<\/p><\/div>\n<p class=\"wp-caption-dd\">D\u00e9pendance \u00e0 Internet, acc\u00e8s \u00e0 un m\u00e9decin de famille, litt\u00e9ratie en sant\u00e9, maladies rares, substances psychoactives et sexualit\u00e9\u2026. Ces th\u00e8mes diversifi\u00e9s ont plus en commun qu\u2019il n\u2019y para\u00eet et c\u2019est ce que l\u2019\u00e9quipe du Centre de recherche \u2013 H\u00f4pital Charles-Le Moyne (CR-HCLM) a d\u00e9montr\u00e9 mercredi lors de son colloque \u00ab\u00a020 ans d\u2019innovation\u00a0\u00bb.<!--more--><\/p>\n<p>Les pr\u00e9sentations au programme de la journ\u00e9e ont \u00e9t\u00e9 \u00e9labor\u00e9es autour de questions ou de th\u00e8mes inclusifs, dont \u00ab\u00a0Comment comprendre et \u00e9tudier le risque autrement?\u00a0\u00bb, \u00ab\u00a0Innover pour am\u00e9liorer l\u2019acc\u00e8s\u00a0\u00bb ou encore \u00ab\u00a0La recherche pour influencer les politiques publiques\u00a0\u00bb. Tour \u00e0 tour, les chercheurs ont ainsi expos\u00e9 leur vision du th\u00e8me \u00e0 travers leurs exp\u00e9riences et leurs travaux.<\/p>\n<p>En plus des pr\u00e9sentations et des panels de discussion, les participants ont pu assister au concours oratoire \u00ab\u00a0Ma th\u00e8se en 180 secondes\u00a0\u00bb o\u00f9 des \u00e9tudiantes du CR-HCLM et de la th\u00e9matique Sant\u00e9 \u2013 Populations, organisation, pratique de l\u2019Universit\u00e9 de Sherbrooke devaient r\u00e9sumer en 3 minutes top chrono leur th\u00e8se de ma\u00eetrise ou de doctorat. Un d\u00e9fi relev\u00e9 haut la main par les candidates.<\/p>\n<p>Soulignons qu\u2019en ouverture du colloque, M. Richard Deschamps, PDG du CISSS de la Mont\u00e9r\u00e9gie-Centre, a annonc\u00e9 qu\u2019un montant de 500\u00a0000 $ sera vers\u00e9 au Centre de recherche \u2013 H\u00f4pital Charles-Le Moyne par le CISSS-MC et l\u2019Universit\u00e9 de Sherbrooke afin de lui permettre d\u2019atteindre son plein potentiel de d\u00e9veloppement.<\/p>\n<p>F\u00e9licitations \u00e0 toute l\u2019\u00e9quipe du Centre de recherche!<\/p>\n<p>[huge_it_slider id=\u00a0\u00bb6&Prime;]<\/p>\n","protected":false},"excerpt":{"rendered":"<p>D\u00e9pendance \u00e0 Internet, acc\u00e8s \u00e0 un m\u00e9decin de famille, litt\u00e9ratie en sant\u00e9, maladies rares, substances psychoactives et sexualit\u00e9\u2026. Ces th\u00e8mes diversifi\u00e9s ont plus en commun qu\u2019il n\u2019y para\u00eet et c\u2019est ce que l\u2019\u00e9quipe du Centre de recherche \u2013 H\u00f4pital Charles-Le &hellip; <a href=\"https:\/\/santemc.quebec\/icentre\/le-centre-de-recherche-hclm-celebre-20-ans-de-recherche-engagee\/\">Continuer la lecture <span class=\"meta-nav\">&rarr;<\/span><\/a><\/p>\n","protected":false},"author":1,"featured_media":0,"comment_status":"open","ping_status":"closed","sticky":false,"template":"","format":"standard","meta":{"footnotes":""},"categories":[27],"tags":[63,32,29,64,65,66],"_links":{"self":[{"href":"https:\/\/santemc.quebec\/icentre\/wp-json\/wp\/v2\/posts\/2350"}],"collection":[{"href":"https:\/\/santemc.quebec\/icentre\/wp-json\/wp\/v2\/posts"}],"about":[{"href":"https:\/\/santemc.quebec\/icentre\/wp-json\/wp\/v2\/types\/post"}],"author":[{"embeddable":true,"href":"https:\/\/santemc.quebec\/icentre\/wp-json\/wp\/v2\/users\/1"}],"replies":[{"embeddable":true,"href":"https:\/\/santemc.quebec\/icentre\/wp-json\/wp\/v2\/comments?post=2350"}],"version-history":[{"count":12,"href":"https:\/\/santemc.quebec\/icentre\/wp-json\/wp\/v2\/posts\/2350\/revisions"}],"predecessor-version":[{"id":2376,"href":"https:\/\/santemc.quebec\/icentre\/wp-json\/wp\/v2\/posts\/2350\/revisions\/2376"}],"wp:attachment":[{"href":"https:\/\/santemc.quebec\/icentre\/wp-json\/wp\/v2\/media?parent=2350"}],"wp:term":[{"taxonomy":"category","embeddable":true,"href":"https:\/\/santemc.quebec\/icentre\/wp-json\/wp\/v2\/categories?post=2350"},{"taxonomy":"post_tag","embeddable":true,"href":"https:\/\/santemc.quebec\/icentre\/wp-json\/wp\/v2\/tags?post=2350"}],"curies":[{"name":"wp","href":"https:\/\/api.w.org\/{rel}","templated":true}]}}