{"id":2406,"date":"2016-06-03T13:06:52","date_gmt":"2016-06-03T17:06:52","guid":{"rendered":"http:\/\/santemc.quebec\/icentre\/?p=2406"},"modified":"2016-06-03T13:14:38","modified_gmt":"2016-06-03T17:14:38","slug":"bourse-de-100-000-de-la-fondation-du-cancer-du-quebec","status":"publish","type":"post","link":"https:\/\/santemc.quebec\/icentre\/bourse-de-100-000-de-la-fondation-du-cancer-du-quebec\/","title":{"rendered":"Bourse de 100 000 $ de la Fondation du cancer du Qu\u00e9bec"},"content":{"rendered":"<div id=\"attachment_2408\" style=\"width: 310px\" class=\"wp-caption alignleft\"><a href=\"https:\/\/santemc.quebec\/icentre\/?attachment_id=2408\" rel=\"attachment wp-att-2408\"><img aria-describedby=\"caption-attachment-2408\" decoding=\"async\" loading=\"lazy\" class=\"wp-image-2408 size-medium\" src=\"http:\/\/santemc.quebec\/santemc\/icentre\/wp-content\/uploads\/2016\/06\/DSC_1623-300x199.jpg\" alt=\"DSC_1623\" width=\"300\" height=\"199\" \/><\/a><p id=\"caption-attachment-2408\" class=\"wp-caption-text\">Annie Girouard, physioth\u00e9rapeute et Roxanne Trahan, conseill\u00e8re en soins infirmiers \u00e0 l\u2019H\u00f4pital Charles-LeMoyne travaillent \u00e0 ce programme.<\/p><\/div>\n<p>Bonjour,<\/p>\n<p>J\u2019ai le plaisir de vous annoncer que notre CISSS a obtenu une bourse de 100\u00a0000\u00a0$ de la Fondation du cancer du sein du Qu\u00e9bec dans le cadre du concours \u00ab\u00a0Un million pour aider\u00a0\u00bb.<\/p>\n<div><\/div>\n<p><!--more--><\/p>\n<p>Cette bourse nous permettra de bonifier le programme mis en place afin de pr\u00e9venir les complications li\u00e9es aux traitements du cancer du sein.\u00a0 Huit capsules vid\u00e9o, d\u2019une dur\u00e9e d\u2019environ 20 minutes chacune, seront produites afin de transmettre de l\u2019information pour aider la client\u00e8le \u00e0 pr\u00e9venir les complications, favoriser sa r\u00e9habilitation et promouvoir l\u2019adoption de saines habitudes de vie. Le projet sera r\u00e9alis\u00e9 sur une p\u00e9riode de trois ans par Annie Girouard, physioth\u00e9rapeute et Roxanne Trahan, conseill\u00e8re en soins infirmiers \u00e0 l\u2019H\u00f4pital Charles-Le Moyne. Ces capsules vid\u00e9o seront accessibles sur le web.<\/p>\n<p>Je suis tr\u00e8s fier de cette bourse qui contribue au rayonnement du Centre int\u00e9gr\u00e9 de canc\u00e9rologie de la Mont\u00e9r\u00e9gie (CICM). Je remercie les employ\u00e9es qui ont travaill\u00e9 au d\u00e9veloppement de ces nouveaux outils pour rendre l\u2019information encore plus accessible \u00e0 la population.<\/p>\n<p>&nbsp;<\/p>\n<p>Richard Deschamps<br \/>\nPr\u00e9sident-directeur g\u00e9n\u00e9ral<\/p>\n<p>&nbsp;<\/p>\n<p>&nbsp;<\/p>\n","protected":false},"excerpt":{"rendered":"<p>Bonjour, J\u2019ai le plaisir de vous annoncer que notre CISSS a obtenu une bourse de 100\u00a0000\u00a0$ de la Fondation du cancer du sein du Qu\u00e9bec dans le cadre du concours \u00ab\u00a0Un million pour aider\u00a0\u00bb.<\/p>\n","protected":false},"author":1,"featured_media":0,"comment_status":"open","ping_status":"closed","sticky":false,"template":"","format":"standard","meta":{"footnotes":""},"categories":[1],"tags":[],"_links":{"self":[{"href":"https:\/\/santemc.quebec\/icentre\/wp-json\/wp\/v2\/posts\/2406"}],"collection":[{"href":"https:\/\/santemc.quebec\/icentre\/wp-json\/wp\/v2\/posts"}],"about":[{"href":"https:\/\/santemc.quebec\/icentre\/wp-json\/wp\/v2\/types\/post"}],"author":[{"embeddable":true,"href":"https:\/\/santemc.quebec\/icentre\/wp-json\/wp\/v2\/users\/1"}],"replies":[{"embeddable":true,"href":"https:\/\/santemc.quebec\/icentre\/wp-json\/wp\/v2\/comments?post=2406"}],"version-history":[{"count":6,"href":"https:\/\/santemc.quebec\/icentre\/wp-json\/wp\/v2\/posts\/2406\/revisions"}],"predecessor-version":[{"id":2414,"href":"https:\/\/santemc.quebec\/icentre\/wp-json\/wp\/v2\/posts\/2406\/revisions\/2414"}],"wp:attachment":[{"href":"https:\/\/santemc.quebec\/icentre\/wp-json\/wp\/v2\/media?parent=2406"}],"wp:term":[{"taxonomy":"category","embeddable":true,"href":"https:\/\/santemc.quebec\/icentre\/wp-json\/wp\/v2\/categories?post=2406"},{"taxonomy":"post_tag","embeddable":true,"href":"https:\/\/santemc.quebec\/icentre\/wp-json\/wp\/v2\/tags?post=2406"}],"curies":[{"name":"wp","href":"https:\/\/api.w.org\/{rel}","templated":true}]}}