{"id":2441,"date":"2016-06-03T16:26:05","date_gmt":"2016-06-03T20:26:05","guid":{"rendered":"http:\/\/santemc.quebec\/icentre\/?p=2441"},"modified":"2016-07-04T15:14:05","modified_gmt":"2016-07-04T19:14:05","slug":"les-dernieres-nominations-de-cadres-intermediaires-au-cisss-de-la-monteregie-centre-25","status":"publish","type":"post","link":"https:\/\/santemc.quebec\/icentre\/les-dernieres-nominations-de-cadres-intermediaires-au-cisss-de-la-monteregie-centre-25\/","title":{"rendered":"Les derni\u00e8res nominations de cadres interm\u00e9diaires au CISSS de la Mont\u00e9r\u00e9gie-Centre"},"content":{"rendered":"<p>Voici les plus r\u00e9centes nominations :<br \/>\n<!--more--><\/p>\n<p><strong>Direction des soins infirmiers<\/strong><\/p>\n<table style=\"width: 75%;\">\n<tbody>\n<tr>\n<td style=\"width: 70%;\">Chef de soins et services des secteurs ambulatoires (H\u00f4pital du Haut-Richelieu)<\/td>\n<td style=\"width: 5%;\"><\/td>\n<td style=\"width: 25%;\">Marie-H\u00e9l\u00e8ne Guy<\/td>\n<\/tr>\n<\/tbody>\n<\/table>\n<p><strong>Direction des services multidisciplinaires<\/strong><\/p>\n<table style=\"width: 75%;\">\n<tbody>\n<tr>\n<td style=\"width: 70%;\">Chef de service de la r\u00e9adaptation physique, de la nutrition et de la formation \u2013 (H\u00f4pital du Haut-Richelieu)<\/td>\n<td style=\"width: 5%;\"><\/td>\n<td style=\"width: 25%;\">Danielle Picotte<\/td>\n<\/tr>\n<\/tbody>\n<\/table>\n","protected":false},"excerpt":{"rendered":"<p>Voici les plus r\u00e9centes nominations :<\/p>\n","protected":false},"author":1,"featured_media":0,"comment_status":"open","ping_status":"closed","sticky":false,"template":"","format":"standard","meta":{"footnotes":""},"categories":[1],"tags":[8],"_links":{"self":[{"href":"https:\/\/santemc.quebec\/icentre\/wp-json\/wp\/v2\/posts\/2441"}],"collection":[{"href":"https:\/\/santemc.quebec\/icentre\/wp-json\/wp\/v2\/posts"}],"about":[{"href":"https:\/\/santemc.quebec\/icentre\/wp-json\/wp\/v2\/types\/post"}],"author":[{"embeddable":true,"href":"https:\/\/santemc.quebec\/icentre\/wp-json\/wp\/v2\/users\/1"}],"replies":[{"embeddable":true,"href":"https:\/\/santemc.quebec\/icentre\/wp-json\/wp\/v2\/comments?post=2441"}],"version-history":[{"count":1,"href":"https:\/\/santemc.quebec\/icentre\/wp-json\/wp\/v2\/posts\/2441\/revisions"}],"predecessor-version":[{"id":2442,"href":"https:\/\/santemc.quebec\/icentre\/wp-json\/wp\/v2\/posts\/2441\/revisions\/2442"}],"wp:attachment":[{"href":"https:\/\/santemc.quebec\/icentre\/wp-json\/wp\/v2\/media?parent=2441"}],"wp:term":[{"taxonomy":"category","embeddable":true,"href":"https:\/\/santemc.quebec\/icentre\/wp-json\/wp\/v2\/categories?post=2441"},{"taxonomy":"post_tag","embeddable":true,"href":"https:\/\/santemc.quebec\/icentre\/wp-json\/wp\/v2\/tags?post=2441"}],"curies":[{"name":"wp","href":"https:\/\/api.w.org\/{rel}","templated":true}]}}