{"id":2443,"date":"2016-06-03T16:59:07","date_gmt":"2016-06-03T20:59:07","guid":{"rendered":"http:\/\/santemc.quebec\/icentre\/?p=2443"},"modified":"2016-06-06T08:51:42","modified_gmt":"2016-06-06T12:51:42","slug":"le-prix-reconnaissance-de-carriere-persillier-lachapelle-remis-a-dr-jean-rodrigue","status":"publish","type":"post","link":"https:\/\/santemc.quebec\/icentre\/le-prix-reconnaissance-de-carriere-persillier-lachapelle-remis-a-dr-jean-rodrigue\/","title":{"rendered":"Le prix Reconnaissance de carri\u00e8re Persillier-Lachapelle remis \u00e0 Dr Jean Rodrigue"},"content":{"rendered":"<p><a href=\"https:\/\/santemc.quebec\/icentre\/?attachment_id=2445\" rel=\"attachment wp-att-2445\"><img decoding=\"async\" loading=\"lazy\" class=\"wp-image-2445 size-medium alignleft\" src=\"http:\/\/santemc.quebec\/santemc\/icentre\/wp-content\/uploads\/2016\/06\/Rodrigue-Jean_2014-Photo-200x300.jpg\" alt=\"Rodrigue Jean_2014 Photo\" width=\"200\" height=\"300\" srcset=\"https:\/\/santemc.quebec\/santemc\/icentre\/wp-content\/uploads\/2016\/06\/Rodrigue-Jean_2014-Photo-200x300.jpg 200w, https:\/\/santemc.quebec\/santemc\/icentre\/wp-content\/uploads\/2016\/06\/Rodrigue-Jean_2014-Photo-768x1151.jpg 768w, https:\/\/santemc.quebec\/santemc\/icentre\/wp-content\/uploads\/2016\/06\/Rodrigue-Jean_2014-Photo-683x1024.jpg 683w\" sizes=\"(max-width: 200px) 100vw, 200px\" \/><\/a>Bonjour,<\/p>\n<p>C\u2019est avec beaucoup d\u2019\u00e9motion et une grande fiert\u00e9 que j\u2019ai le plaisir de vous annoncer que Dr Jean Rodrique, directeur de la sant\u00e9 publique de la Mont\u00e9r\u00e9gie par int\u00e9rim et adjoint m\u00e9dical \u00e0 la premi\u00e8re ligne du CISSS de la Mont\u00e9r\u00e9gie-Centre, a re\u00e7u hier soir le prestigieux prix Reconnaissance de carri\u00e8re Persillier-Lachapelle. D\u00e9cern\u00e9 par le minist\u00e8re de la Sant\u00e9 et des Services sociaux, dans le cadre de la c\u00e9r\u00e9monie de remise des Prix d\u2019excellence du r\u00e9seau de la sant\u00e9 et des services sociaux, ce prix reconna\u00eet l\u2019engagement du r\u00e9cipiendaire tout en soulignant sa carri\u00e8re exceptionnelle men\u00e9e au sein du r\u00e9seau.<!--more--><\/p>\n<p>Dr Rodrigue \u00e9volue dans le r\u00e9seau de la sant\u00e9 qu\u00e9b\u00e9cois depuis plus de 40 ans. Au cours de sa carri\u00e8re, il a soign\u00e9, enseign\u00e9, g\u00e9r\u00e9, planifi\u00e9, vulgaris\u00e9, communiqu\u00e9, et ce, en poursuivant constamment le m\u00eame objectif, soit de participer activement \u00e0 l\u2019am\u00e9lioration de la sant\u00e9 de la population et toujours en ayant \u00e0 c\u0153ur de prendre soin des personnes.<\/p>\n<p>Sa feuille de route est impressionnante et ponctu\u00e9e de r\u00e9alisations marquantes qui font de lui un v\u00e9ritable b\u00e2tisseur du r\u00e9seau de la sant\u00e9 et des services sociaux\u00a0:<\/p>\n<ul>\n<li>M\u00e9decin omnipraticien de formation, Dr Rodrigue a contribu\u00e9 \u00e0 l\u2019av\u00e8nement des CLSC au Qu\u00e9bec en \u00e9tant l\u2019un des premiers m\u00e9decins de famille \u00e0 travailler dans ces installations et \u00e0 y implanter, avec d\u2019autres coll\u00e8gues, les programmes multidisciplinaires.<\/li>\n<li>Plus tard, son implication au sein de la F\u00e9d\u00e9ration des m\u00e9decins omnipraticiens du Qu\u00e9bec lui permettra de jouer un r\u00f4le important dans la cr\u00e9ation des GMF.<\/li>\n<li>\u00c0 titre de directeur des affaires m\u00e9dicales et universitaires de l\u2019Agence de la sant\u00e9 et des services sociaux de la Mont\u00e9r\u00e9gie, Dr Rodrigue a contribu\u00e9 \u00e0 de multiples projets innovants dont le projet COMPAS (Collectif pour les Meilleures Pratiques et l\u2019Am\u00e9lioration des soins) et le rapatriement des client\u00e8les \u00ab\u00a0514-450\u00a0\u00bb, pour ne nommer que ceux-l\u00e0.<\/li>\n<\/ul>\n<p>Reconnu pour sa vision optimiste et dynamique du r\u00e9seau de la sant\u00e9, Dr Rodrigue n\u2019a jamais cess\u00e9 d\u2019innover et de laisser sa marque dans tous les milieux o\u00f9 il s\u2019est investi. Habile communicateur, il a toujours partag\u00e9 g\u00e9n\u00e9reusement ses connaissances avec ses patients, ses pairs, ses \u00e9tudiants, ses collaborateurs et le grand public.<\/p>\n<p>Encore aujourd\u2019hui, \u00e0 titre de directeur de la sant\u00e9 publique de la Mont\u00e9r\u00e9gie et d\u2019adjoint m\u00e9dical \u00e0 la premi\u00e8re ligne au CISSS de la Mont\u00e9r\u00e9gie-Centre, il continue de faire avancer le r\u00e9seau en mobilisant des partenaires de tout horizon autour de la cause de la sant\u00e9 et du bien-\u00eatre des personnes.<\/p>\n<p>Le prix Reconnaissance de carri\u00e8re Persillier-Lachapelle est une distinction importante qui est d\u00e9cern\u00e9e aujourd\u2019hui \u00e0 un grand humaniste et homme de c\u0153ur avec qui j\u2019ai le plaisir de collaborer depuis de nombreuses ann\u00e9es. Je suis honor\u00e9 de pouvoir compter sur un tel partenaire qui participe grandement au rayonnement de notre organisation \u00e0 l\u2019\u00e9chelle provinciale.<\/p>\n<p>En mon nom personnel, au nom des membres du conseil d\u2019administration, du comit\u00e9 de direction, des m\u00e9decins et du personnel du CISSS de la Mont\u00e9r\u00e9gie-Centre, je f\u00e9licite chaleureusement Dr Jean Rodrigue pour l\u2019obtention de ce prix et pour sa contribution imp\u00e9rissable au r\u00e9seau de la sant\u00e9 et des services sociaux.<\/p>\n<p>Richard Deschamps,<\/p>\n<p>Pr\u00e9sident-directeur g\u00e9n\u00e9ral<\/p>\n","protected":false},"excerpt":{"rendered":"<p>Bonjour, C\u2019est avec beaucoup d\u2019\u00e9motion et une grande fiert\u00e9 que j\u2019ai le plaisir de vous annoncer que Dr Jean Rodrique, directeur de la sant\u00e9 publique de la Mont\u00e9r\u00e9gie par int\u00e9rim et adjoint m\u00e9dical \u00e0 la premi\u00e8re ligne du CISSS de &hellip; <a href=\"https:\/\/santemc.quebec\/icentre\/le-prix-reconnaissance-de-carriere-persillier-lachapelle-remis-a-dr-jean-rodrigue\/\">Continuer la lecture <span class=\"meta-nav\">&rarr;<\/span><\/a><\/p>\n","protected":false},"author":1,"featured_media":0,"comment_status":"open","ping_status":"closed","sticky":false,"template":"","format":"standard","meta":{"footnotes":""},"categories":[1],"tags":[],"_links":{"self":[{"href":"https:\/\/santemc.quebec\/icentre\/wp-json\/wp\/v2\/posts\/2443"}],"collection":[{"href":"https:\/\/santemc.quebec\/icentre\/wp-json\/wp\/v2\/posts"}],"about":[{"href":"https:\/\/santemc.quebec\/icentre\/wp-json\/wp\/v2\/types\/post"}],"author":[{"embeddable":true,"href":"https:\/\/santemc.quebec\/icentre\/wp-json\/wp\/v2\/users\/1"}],"replies":[{"embeddable":true,"href":"https:\/\/santemc.quebec\/icentre\/wp-json\/wp\/v2\/comments?post=2443"}],"version-history":[{"count":10,"href":"https:\/\/santemc.quebec\/icentre\/wp-json\/wp\/v2\/posts\/2443\/revisions"}],"predecessor-version":[{"id":2454,"href":"https:\/\/santemc.quebec\/icentre\/wp-json\/wp\/v2\/posts\/2443\/revisions\/2454"}],"wp:attachment":[{"href":"https:\/\/santemc.quebec\/icentre\/wp-json\/wp\/v2\/media?parent=2443"}],"wp:term":[{"taxonomy":"category","embeddable":true,"href":"https:\/\/santemc.quebec\/icentre\/wp-json\/wp\/v2\/categories?post=2443"},{"taxonomy":"post_tag","embeddable":true,"href":"https:\/\/santemc.quebec\/icentre\/wp-json\/wp\/v2\/tags?post=2443"}],"curies":[{"name":"wp","href":"https:\/\/api.w.org\/{rel}","templated":true}]}}