{"id":2455,"date":"2016-06-06T13:35:33","date_gmt":"2016-06-06T17:35:33","guid":{"rendered":"http:\/\/santemc.quebec\/icentre\/?p=2455"},"modified":"2016-06-06T13:58:14","modified_gmt":"2016-06-06T17:58:14","slug":"semaine-quebecoise-des-personnes-handicapees-quelques-trucs-pour-passer-a-laction","status":"publish","type":"post","link":"https:\/\/santemc.quebec\/icentre\/semaine-quebecoise-des-personnes-handicapees-quelques-trucs-pour-passer-a-laction\/","title":{"rendered":"Semaine qu\u00e9b\u00e9coise des personnes handicap\u00e9es : quelques trucs pour passer \u00e0 l\u2019action"},"content":{"rendered":"<p>Saviez-vous qu\u2019un bon nombre de vos coll\u00e8gues vivent des situations de handicap ? En effet, pr\u00e8s de 20 % des employ\u00e9s de l\u2019Institut Nazareth et Louis-Braille ont une d\u00e9ficience visuelle et ce ne sont pas les seuls.<!--more--><\/p>\n<p>Peu importe votre r\u00f4le dans la soci\u00e9t\u00e9, vous pouvez poser un geste simple pour accro\u00eetre la participation sociale d\u2019une personne handicap\u00e9e. Vous contribuez ainsi \u00e0 rendre notre soci\u00e9t\u00e9 plus inclusive, plus riche. Voici donc quelques gestes simples qu\u2019il est possible de poser afin de rendre le quotidien des personnes ayant un handicap agr\u00e9able :<\/p>\n<ul>\n<li>Vous \u00eates parent? Discutez avec votre enfant de sa perception des personnes handicap\u00e9es et amenez-le \u00e0 d\u00e9velopper une attitude respectueuse envers celles-ci.<\/li>\n<li>Vous mangez au restaurant? Utilisez le feuillet de commentaires pour signaler un manque d\u2019accessibilit\u00e9 de la terrasse, de la salle de toilette ou d\u2019une section particuli\u00e8re.<\/li>\n<li>Vous remettez un d\u00e9pliant d\u2019information \u00e0 un patient ? Sugg\u00e9rez des contrastes plus forts et du lettrage tr\u00e8s lisible (Arial par exemple) afin faciliter la lecture des personnes \u00e2g\u00e9es et des personnes ayant une basse vision.<\/li>\n<\/ul>\n","protected":false},"excerpt":{"rendered":"<p>Saviez-vous qu\u2019un bon nombre de vos coll\u00e8gues vivent des situations de handicap ? En effet, pr\u00e8s de 20 % des employ\u00e9s de l\u2019Institut Nazareth et Louis-Braille ont une d\u00e9ficience visuelle et ce ne sont pas les seuls.<\/p>\n","protected":false},"author":1,"featured_media":0,"comment_status":"open","ping_status":"closed","sticky":false,"template":"","format":"standard","meta":{"footnotes":""},"categories":[1],"tags":[],"_links":{"self":[{"href":"https:\/\/santemc.quebec\/icentre\/wp-json\/wp\/v2\/posts\/2455"}],"collection":[{"href":"https:\/\/santemc.quebec\/icentre\/wp-json\/wp\/v2\/posts"}],"about":[{"href":"https:\/\/santemc.quebec\/icentre\/wp-json\/wp\/v2\/types\/post"}],"author":[{"embeddable":true,"href":"https:\/\/santemc.quebec\/icentre\/wp-json\/wp\/v2\/users\/1"}],"replies":[{"embeddable":true,"href":"https:\/\/santemc.quebec\/icentre\/wp-json\/wp\/v2\/comments?post=2455"}],"version-history":[{"count":2,"href":"https:\/\/santemc.quebec\/icentre\/wp-json\/wp\/v2\/posts\/2455\/revisions"}],"predecessor-version":[{"id":2457,"href":"https:\/\/santemc.quebec\/icentre\/wp-json\/wp\/v2\/posts\/2455\/revisions\/2457"}],"wp:attachment":[{"href":"https:\/\/santemc.quebec\/icentre\/wp-json\/wp\/v2\/media?parent=2455"}],"wp:term":[{"taxonomy":"category","embeddable":true,"href":"https:\/\/santemc.quebec\/icentre\/wp-json\/wp\/v2\/categories?post=2455"},{"taxonomy":"post_tag","embeddable":true,"href":"https:\/\/santemc.quebec\/icentre\/wp-json\/wp\/v2\/tags?post=2455"}],"curies":[{"name":"wp","href":"https:\/\/api.w.org\/{rel}","templated":true}]}}