{"id":2458,"date":"2016-06-06T15:41:54","date_gmt":"2016-06-06T19:41:54","guid":{"rendered":"http:\/\/santemc.quebec\/icentre\/?p=2458"},"modified":"2016-06-06T15:42:50","modified_gmt":"2016-06-06T19:42:50","slug":"video-hommage-a-un-batisseur-du-reseau-de-la-sante","status":"publish","type":"post","link":"https:\/\/santemc.quebec\/icentre\/video-hommage-a-un-batisseur-du-reseau-de-la-sante\/","title":{"rendered":"Vid\u00e9o : hommage \u00e0 un b\u00e2tisseur du r\u00e9seau de la sant\u00e9"},"content":{"rendered":"<div style=\"width: 398px\" class=\"wp-caption alignleft\"><img decoding=\"async\" loading=\"lazy\" src=\"http:\/\/www.msss.gouv.qc.ca\/reseau\/prix_excellence\/image_resized.php?format=jpg&amp;q=85&amp;imgfile=filearchive\/234c797703f19c034556081a300fc6f0.jpg\" width=\"388\" height=\"261\" \/><p class=\"wp-caption-text\">Dr Jean Rodrigue, au centre, accompagn\u00e9 du Dr Ga\u00e9tan Barrette et de Mme Lucie Charlebois.<\/p><\/div>\n<p><a href=\"https:\/\/santemc.quebec\/icentre\/?p=2443\">Tel qu&rsquo;annonc\u00e9 vendredi par notre PDG<\/a>, le Dr Jean Rodrique, directeur de la sant\u00e9 publique de la Mont\u00e9r\u00e9gie par int\u00e9rim et adjoint m\u00e9dical \u00e0 la premi\u00e8re ligne du CISSS de la Mont\u00e9r\u00e9gie-Centre, a re\u00e7u jeudi dernier le prestigieux prix Reconnaissance de carri\u00e8re Persillier-Lachapelle. D\u00e9cern\u00e9 par le minist\u00e8re de la Sant\u00e9 et des Services sociaux, dans le cadre de la c\u00e9r\u00e9monie de remise des Prix d\u2019excellence du r\u00e9seau de la sant\u00e9 et des services sociaux, ce prix reconna\u00eet l\u2019engagement du r\u00e9cipiendaire tout en soulignant sa carri\u00e8re exceptionnelle men\u00e9e au sein du r\u00e9seau.<!--more--><\/p>\n<p>\u00c9voluant dans le r\u00e9seau de la sant\u00e9 qu\u00e9b\u00e9cois depuis plus de 40 ans, Dr Rodrigue a \u0153uvr\u00e9, au fil de sa carri\u00e8re, \u00e0 tous les paliers : du CLSC \u00e0 l&rsquo;h\u00f4pital, du milieu associatif au minist\u00e8re, de l&rsquo;\u00e9chelle locale \u00e0 une port\u00e9e provinciale.\u00a0Son impressionnante feuille de route lui a permis de d\u00e9velopper une\u00a0connaissance tr\u00e8s pointue des enjeux du r\u00e9seau, mais \u00e9galement de celle des besoins populationnels comme ceux des m\u00e9decins, de m\u00eame que des pr\u00e9occupations de l\u2019usager jusqu\u2019\u00e0 celles des repr\u00e9sentants des plus hautes sph\u00e8res politiques.<\/p>\n<p>Pour en apprendre davantage sur la carri\u00e8re du Dr Rodrigue, nous vous invitons \u00e0 consulter la vid\u00e9o qui a \u00e9t\u00e9 pr\u00e9sent\u00e9e \u00e0 la c\u00e9r\u00e9monie de remise des Prix d\u2019excellence du r\u00e9seau de la sant\u00e9 et des services sociaux 2016.<\/p>\n<div style=\"width: 584px;\" class=\"wp-video\"><!--[if lt IE 9]><script>document.createElement('video');<\/script><![endif]-->\n<video class=\"wp-video-shortcode\" id=\"video-2458-1\" width=\"584\" height=\"329\" preload=\"metadata\" controls=\"controls\"><source type=\"video\/mp4\" src=\"http:\/\/www.msss.gouv.qc.ca\/reseau\/prix_excellence\/videos\/2016\/pl-dr-jean-rodrigue_sansST\/video.mp4?_=1\" \/><a href=\"http:\/\/www.msss.gouv.qc.ca\/reseau\/prix_excellence\/videos\/2016\/pl-dr-jean-rodrigue_sansST\/video.mp4\">http:\/\/www.msss.gouv.qc.ca\/reseau\/prix_excellence\/videos\/2016\/pl-dr-jean-rodrigue_sansST\/video.mp4<\/a><\/video><\/div>\n","protected":false},"excerpt":{"rendered":"<p>Tel qu&rsquo;annonc\u00e9 vendredi par notre PDG, le Dr Jean Rodrique, directeur de la sant\u00e9 publique de la Mont\u00e9r\u00e9gie par int\u00e9rim et adjoint m\u00e9dical \u00e0 la premi\u00e8re ligne du CISSS de la Mont\u00e9r\u00e9gie-Centre, a re\u00e7u jeudi dernier le prestigieux prix Reconnaissance &hellip; <a href=\"https:\/\/santemc.quebec\/icentre\/video-hommage-a-un-batisseur-du-reseau-de-la-sante\/\">Continuer la lecture <span class=\"meta-nav\">&rarr;<\/span><\/a><\/p>\n","protected":false},"author":1,"featured_media":0,"comment_status":"open","ping_status":"closed","sticky":false,"template":"","format":"standard","meta":{"footnotes":""},"categories":[1],"tags":[67,68,69],"_links":{"self":[{"href":"https:\/\/santemc.quebec\/icentre\/wp-json\/wp\/v2\/posts\/2458"}],"collection":[{"href":"https:\/\/santemc.quebec\/icentre\/wp-json\/wp\/v2\/posts"}],"about":[{"href":"https:\/\/santemc.quebec\/icentre\/wp-json\/wp\/v2\/types\/post"}],"author":[{"embeddable":true,"href":"https:\/\/santemc.quebec\/icentre\/wp-json\/wp\/v2\/users\/1"}],"replies":[{"embeddable":true,"href":"https:\/\/santemc.quebec\/icentre\/wp-json\/wp\/v2\/comments?post=2458"}],"version-history":[{"count":7,"href":"https:\/\/santemc.quebec\/icentre\/wp-json\/wp\/v2\/posts\/2458\/revisions"}],"predecessor-version":[{"id":2465,"href":"https:\/\/santemc.quebec\/icentre\/wp-json\/wp\/v2\/posts\/2458\/revisions\/2465"}],"wp:attachment":[{"href":"https:\/\/santemc.quebec\/icentre\/wp-json\/wp\/v2\/media?parent=2458"}],"wp:term":[{"taxonomy":"category","embeddable":true,"href":"https:\/\/santemc.quebec\/icentre\/wp-json\/wp\/v2\/categories?post=2458"},{"taxonomy":"post_tag","embeddable":true,"href":"https:\/\/santemc.quebec\/icentre\/wp-json\/wp\/v2\/tags?post=2458"}],"curies":[{"name":"wp","href":"https:\/\/api.w.org\/{rel}","templated":true}]}}