{"id":253,"date":"2015-05-25T14:01:46","date_gmt":"2015-05-25T18:01:46","guid":{"rendered":"http:\/\/santemc.quebec\/icentre\/?p=253"},"modified":"2015-06-04T15:39:19","modified_gmt":"2015-06-04T19:39:19","slug":"linlb-accredite-pour-ses-formations","status":"publish","type":"post","link":"https:\/\/santemc.quebec\/icentre\/linlb-accredite-pour-ses-formations\/","title":{"rendered":"L\u2019INLB accr\u00e9dit\u00e9 pour ses formations"},"content":{"rendered":"<p><a href=\"http:\/\/santemc.quebec\/santemc\/icentre\/wp-content\/uploads\/2015\/05\/Sceau-avec-UEC.jpg\"><img decoding=\"async\" loading=\"lazy\" class=\"  wp-image-254 alignleft\" src=\"http:\/\/santemc.quebec\/santemc\/icentre\/wp-content\/uploads\/2015\/05\/Sceau-avec-UEC.jpg\" alt=\"Sceau avec UEC\" width=\"130\" height=\"129\" srcset=\"https:\/\/santemc.quebec\/santemc\/icentre\/wp-content\/uploads\/2015\/05\/Sceau-avec-UEC.jpg 226w, https:\/\/santemc.quebec\/santemc\/icentre\/wp-content\/uploads\/2015\/05\/Sceau-avec-UEC-150x150.jpg 150w\" sizes=\"(max-width: 130px) 100vw, 130px\" \/><\/a>L\u2019Institut Nazareth et Louis-Braille a r\u00e9cemment \u00e9t\u00e9 accr\u00e9dit\u00e9 par la Soci\u00e9t\u00e9 de formation et d\u2019\u00e9ducation continue (SOFEDUC) et peut maintenant \u00e9mettre des unit\u00e9s d\u2019\u00e9ducation continue (UEC) r\u00e9pondant \u00e0 des hauts standards de qualit\u00e9. Cette accr\u00e9ditation repr\u00e9sente une plus-value pour tous les participants aux formations offertes par l\u2019INLB.<!--more--><strong>Qu\u2019est-ce qu\u2019une unit\u00e9 d\u2019\u00e9ducation continue ?<\/strong><\/p>\n<p>Une unit\u00e9 d\u2019\u00e9ducation continue repr\u00e9sente dix heures de participation \u00e0 une activit\u00e9 structur\u00e9e de formation, organis\u00e9e et dirig\u00e9e par une organisation accr\u00e9dit\u00e9e, anim\u00e9e par des formateurs comp\u00e9tents et sanctionn\u00e9e par une \u00e9valuation.<\/p>\n<p>Pour en savoir plus, consultez le site de la <a href=\"http:\/\/www.sofeduc.ca\/fr\/index.php\" target=\"_blank\">SOFEDUC<\/a>.\u00a0Pour conna\u00eetre nos formations, consultez le <a href=\"http:\/\/www.inlb.qc.ca\/professionnels-recherche\/formation-et-sensibilisation\/formations-offerts-par-linlb\/\" target=\"_blank\">site Web de l&rsquo;INLB<\/a>.<\/p>\n","protected":false},"excerpt":{"rendered":"<p>L\u2019Institut Nazareth et Louis-Braille a r\u00e9cemment \u00e9t\u00e9 accr\u00e9dit\u00e9 par la Soci\u00e9t\u00e9 de formation et d\u2019\u00e9ducation continue (SOFEDUC) et peut maintenant \u00e9mettre des unit\u00e9s d\u2019\u00e9ducation continue (UEC) r\u00e9pondant \u00e0 des hauts standards de qualit\u00e9. Cette accr\u00e9ditation repr\u00e9sente une plus-value pour tous &hellip; <a href=\"https:\/\/santemc.quebec\/icentre\/linlb-accredite-pour-ses-formations\/\">Continuer la lecture <span class=\"meta-nav\">&rarr;<\/span><\/a><\/p>\n","protected":false},"author":1,"featured_media":0,"comment_status":"open","ping_status":"closed","sticky":false,"template":"","format":"standard","meta":{"footnotes":""},"categories":[2],"tags":[19],"_links":{"self":[{"href":"https:\/\/santemc.quebec\/icentre\/wp-json\/wp\/v2\/posts\/253"}],"collection":[{"href":"https:\/\/santemc.quebec\/icentre\/wp-json\/wp\/v2\/posts"}],"about":[{"href":"https:\/\/santemc.quebec\/icentre\/wp-json\/wp\/v2\/types\/post"}],"author":[{"embeddable":true,"href":"https:\/\/santemc.quebec\/icentre\/wp-json\/wp\/v2\/users\/1"}],"replies":[{"embeddable":true,"href":"https:\/\/santemc.quebec\/icentre\/wp-json\/wp\/v2\/comments?post=253"}],"version-history":[{"count":6,"href":"https:\/\/santemc.quebec\/icentre\/wp-json\/wp\/v2\/posts\/253\/revisions"}],"predecessor-version":[{"id":260,"href":"https:\/\/santemc.quebec\/icentre\/wp-json\/wp\/v2\/posts\/253\/revisions\/260"}],"wp:attachment":[{"href":"https:\/\/santemc.quebec\/icentre\/wp-json\/wp\/v2\/media?parent=253"}],"wp:term":[{"taxonomy":"category","embeddable":true,"href":"https:\/\/santemc.quebec\/icentre\/wp-json\/wp\/v2\/categories?post=253"},{"taxonomy":"post_tag","embeddable":true,"href":"https:\/\/santemc.quebec\/icentre\/wp-json\/wp\/v2\/tags?post=253"}],"curies":[{"name":"wp","href":"https:\/\/api.w.org\/{rel}","templated":true}]}}