{"id":25308,"date":"2019-06-17T15:20:17","date_gmt":"2019-06-17T19:20:17","guid":{"rendered":"http:\/\/santemc.quebec\/icentre\/?p=25308"},"modified":"2019-06-17T15:31:50","modified_gmt":"2019-06-17T19:31:50","slug":"feu-vert-a-la-saison-2019-des-jardins-a-partager-de-saint-hubert","status":"publish","type":"post","link":"https:\/\/santemc.quebec\/icentre\/feu-vert-a-la-saison-2019-des-jardins-a-partager-de-saint-hubert\/","title":{"rendered":"Feu vert \u00e0 la saison 2019 des Jardins \u00e0 partager de Saint-Hubert"},"content":{"rendered":"<div id=\"attachment_25343\" style=\"width: 310px\" class=\"wp-caption alignleft\"><a href=\"http:\/\/santemc.quebec\/santemc\/icentre\/wp-content\/uploads\/2019\/06\/jardins_1.jpg\"><img aria-describedby=\"caption-attachment-25343\" decoding=\"async\" loading=\"lazy\" class=\"size-medium wp-image-25343\" src=\"http:\/\/santemc.quebec\/santemc\/icentre\/wp-content\/uploads\/2019\/06\/jardins_1-300x225.jpg\" alt=\"\" width=\"300\" height=\"225\" srcset=\"https:\/\/santemc.quebec\/santemc\/icentre\/wp-content\/uploads\/2019\/06\/jardins_1-300x225.jpg 300w, https:\/\/santemc.quebec\/santemc\/icentre\/wp-content\/uploads\/2019\/06\/jardins_1-768x576.jpg 768w, https:\/\/santemc.quebec\/santemc\/icentre\/wp-content\/uploads\/2019\/06\/jardins_1-400x300.jpg 400w, https:\/\/santemc.quebec\/santemc\/icentre\/wp-content\/uploads\/2019\/06\/jardins_1.jpg 900w\" sizes=\"(max-width: 300px) 100vw, 300px\" \/><\/a><p id=\"caption-attachment-25343\" class=\"wp-caption-text\">Des participants des Jardins \u00e0 partager de Saint-Hubert, le 8 juin dernier.<\/p><\/div>\n<p>Le samedi 8 juin, c\u2019\u00e9tait la grande ouverture de la saison 2019 des Jardins \u00e0 partager de Saint-Hubert. Pour l\u2019occasion, des citoyens, des b\u00e9n\u00e9voles et des employ\u00e9s\u00a0\u00e9taient r\u00e9unis pour discuter d\u2019agriculture urbaine et pour\u00a0proc\u00e9der aux premi\u00e8res plantations.<\/p>\n<p>Le CISSS, par le travail d\u2019une organisatrice communautaire et d\u2019une nutritionniste, et la ville de Longueuil appuient le projet notamment en participant au comit\u00e9 de coordination avec plusieurs organismes du quartier.<\/p>\n<p style=\"text-align: left;\"><!--more--><\/p>\n<p>Un journaliste de la radio de Radio-Canada, Ren\u00e9 St-Louis, \u00e9tait de la partie. Il en a profit\u00e9 pour discuter avec la charg\u00e9e de projet du comit\u00e9 de coordination des Jardins \u00e0 partager Saint-Hubert, Audrey-Anne Beaudry, de m\u00eame qu\u2019avec quelques participants.<\/p>\n<div id=\"attachment_25346\" style=\"width: 310px\" class=\"wp-caption aligncenter\"><a href=\"http:\/\/santemc.quebec\/santemc\/icentre\/wp-content\/uploads\/2019\/06\/jardins_2-1.jpg\"><img aria-describedby=\"caption-attachment-25346\" decoding=\"async\" loading=\"lazy\" class=\"wp-image-25346 size-medium\" src=\"http:\/\/santemc.quebec\/santemc\/icentre\/wp-content\/uploads\/2019\/06\/jardins_2-1-300x225.jpg\" alt=\"\" width=\"300\" height=\"225\" srcset=\"https:\/\/santemc.quebec\/santemc\/icentre\/wp-content\/uploads\/2019\/06\/jardins_2-1-300x225.jpg 300w, https:\/\/santemc.quebec\/santemc\/icentre\/wp-content\/uploads\/2019\/06\/jardins_2-1-768x576.jpg 768w, https:\/\/santemc.quebec\/santemc\/icentre\/wp-content\/uploads\/2019\/06\/jardins_2-1-1024x768.jpg 1024w, https:\/\/santemc.quebec\/santemc\/icentre\/wp-content\/uploads\/2019\/06\/jardins_2-1-400x300.jpg 400w, https:\/\/santemc.quebec\/santemc\/icentre\/wp-content\/uploads\/2019\/06\/jardins_2-1.jpg 1600w\" sizes=\"(max-width: 300px) 100vw, 300px\" \/><\/a><p id=\"caption-attachment-25346\" class=\"wp-caption-text\">Audrey-Anne Beaudry, charg\u00e9e de projet et Ren\u00e9 St-Louis, journaliste de Radio-Canada.<\/p><\/div>\n<p>&nbsp;<\/p>\n<p><strong>Un projet rassembleur et nourrissant<br \/>\n<\/strong>Le projet a vu le jour \u00e0 l\u2019\u00e9t\u00e9 2017, passant de cinq emplacements en 2017 \u00e0 12 en 2019. Il est issu d\u2019une r\u00e9flexion du Regroupement anti-pauvret\u00e9 de Saint-Hubert (RAPSH) qui recherchait un projet rassembleur pour les citoyens, qui leur permettrait de s\u2019approprier l\u2019espace public. De plus, gr\u00e2ce au Carrefour Jeunesse emploi, une escouade de jeunes participe activement \u00e0 la bonne marche des jardins.<\/p>\n<p>Le projet vise \u00e9galement \u00e0 am\u00e9nager des zones comestibles, sur des terrains, r\u00e9partis dans le quartier o\u00f9 il est possible de cultiver des l\u00e9gumes, fruits et fines herbes, dans un quartier d\u00e9crit comme un \u00ab d\u00e9sert alimentaire \u00bb en r\u00e9f\u00e9rence au peu d\u2019offres de produits frais disponibles \u00e0 proximit\u00e9.<\/p>\n<p>Les Jardins \u00e0 partager sont r\u00e9partis dans le quartier Lafl\u00e8che, o\u00f9 se trouve le Complexe administratif de Saint-Hubert, tout pr\u00e8s de l\u2019H\u00f4pital Charles-Le Moyne. Ce quartier pr\u00e9sente un indice de vuln\u00e9rabilit\u00e9 important au plan socio\u00e9conomique avec plus de 28 % de la population qui vit sous le seuil de la pauvret\u00e9, notamment dans le secteur Grande-All\u00e9e, de Gaulle et Gustave D\u00e9sourdy.<\/p>\n<p>Le lien pour d\u00e9couvrir le reportage\u00a0: <a href=\"https:\/\/ici.radio-canada.ca\/premiere\/emissions\/le-15-18\/segments\/reportage\/121673\/jardins-partages-lafleche-longueuil\" target=\"_blank\" rel=\"noopener\">https:\/\/ici.radio-canada.ca\/premiere\/emissions\/le-15-18\/segments\/reportage\/121673\/jardins-partages-lafleche-longueuil<\/a><\/p>\n<p>Page Facebook des Jardins \u00e0 partager de Saint-Hubert\u00a0: <a href=\"https:\/\/www.facebook.com\/Les-Jardins-%C3%A0-partager-Saint-Hubert-928731067286977\/\" target=\"_blank\" rel=\"noopener\">https:\/\/www.facebook.com\/Les-Jardins-%C3%A0-partager-Saint-Hubert-928731067286977\/<\/a><\/p>\n","protected":false},"excerpt":{"rendered":"<p>Le samedi 8 juin, c\u2019\u00e9tait la grande ouverture de la saison 2019 des Jardins \u00e0 partager de Saint-Hubert. Pour l\u2019occasion, des citoyens, des b\u00e9n\u00e9voles et des employ\u00e9s\u00a0\u00e9taient r\u00e9unis pour discuter d\u2019agriculture urbaine et pour\u00a0proc\u00e9der aux premi\u00e8res plantations. Le CISSS, par &hellip; <a href=\"https:\/\/santemc.quebec\/icentre\/feu-vert-a-la-saison-2019-des-jardins-a-partager-de-saint-hubert\/\">Continuer la lecture <span class=\"meta-nav\">&rarr;<\/span><\/a><\/p>\n","protected":false},"author":9,"featured_media":0,"comment_status":"open","ping_status":"closed","sticky":false,"template":"","format":"standard","meta":{"footnotes":""},"categories":[1],"tags":[],"_links":{"self":[{"href":"https:\/\/santemc.quebec\/icentre\/wp-json\/wp\/v2\/posts\/25308"}],"collection":[{"href":"https:\/\/santemc.quebec\/icentre\/wp-json\/wp\/v2\/posts"}],"about":[{"href":"https:\/\/santemc.quebec\/icentre\/wp-json\/wp\/v2\/types\/post"}],"author":[{"embeddable":true,"href":"https:\/\/santemc.quebec\/icentre\/wp-json\/wp\/v2\/users\/9"}],"replies":[{"embeddable":true,"href":"https:\/\/santemc.quebec\/icentre\/wp-json\/wp\/v2\/comments?post=25308"}],"version-history":[{"count":8,"href":"https:\/\/santemc.quebec\/icentre\/wp-json\/wp\/v2\/posts\/25308\/revisions"}],"predecessor-version":[{"id":25387,"href":"https:\/\/santemc.quebec\/icentre\/wp-json\/wp\/v2\/posts\/25308\/revisions\/25387"}],"wp:attachment":[{"href":"https:\/\/santemc.quebec\/icentre\/wp-json\/wp\/v2\/media?parent=25308"}],"wp:term":[{"taxonomy":"category","embeddable":true,"href":"https:\/\/santemc.quebec\/icentre\/wp-json\/wp\/v2\/categories?post=25308"},{"taxonomy":"post_tag","embeddable":true,"href":"https:\/\/santemc.quebec\/icentre\/wp-json\/wp\/v2\/tags?post=25308"}],"curies":[{"name":"wp","href":"https:\/\/api.w.org\/{rel}","templated":true}]}}