{"id":2534,"date":"2016-06-15T13:44:29","date_gmt":"2016-06-15T17:44:29","guid":{"rendered":"http:\/\/santemc.quebec\/icentre\/?p=2534"},"modified":"2016-07-04T15:12:15","modified_gmt":"2016-07-04T19:12:15","slug":"nomination-des-chefs-et-co-chefs-des-departements-cliniques-du-cisss","status":"publish","type":"post","link":"https:\/\/santemc.quebec\/icentre\/nomination-des-chefs-et-co-chefs-des-departements-cliniques-du-cisss\/","title":{"rendered":"Nomination des chefs et co-chefs des d\u00e9partements cliniques du CISSS"},"content":{"rendered":"<p>Mesdames, Messieurs,<\/p>\n<p>Au nom du conseil d\u2019administration, j\u2019ai le plaisir de vous annoncer les nominations des chefs et co-chefs des d\u00e9partements cliniques de notre \u00e9tablissement adopt\u00e9es lors de la s\u00e9ance publique du conseil d\u2019administration qui se d\u00e9roulait hier soir.<!--more--><\/p>\n<p>Ces nominations d\u00e9coulent d\u2019un processus de s\u00e9lection rigoureux suivant la consultation des pairs exer\u00e7ant sur les d\u00e9partements et la formation d\u2019un jury de s\u00e9lection auquel participaient notamment un repr\u00e9sentant de la Facult\u00e9 de m\u00e9decine et des sciences de la sant\u00e9 de l\u2019Universit\u00e9 de Sherbrooke, la directrice des services professionnels ainsi que des repr\u00e9sentants de l\u2019ex\u00e9cutif du CMDP. Le comit\u00e9 ex\u00e9cutif du CMDP qui s\u2019est r\u00e9uni le 8 juin a ensuite pris connaissance des recommandations des jurys de s\u00e9lection et en a fait la recommandation au conseil d\u2019administration.<\/p>\n<p>Nous vous pr\u00e9sentons la liste des chefs et co-chefs :<\/p>\n<div style=\"height: auto; width: 100%; float: left;\">\n<div style=\"width: 45%; float: left; text-align: center;\">\n<p style=\"text-align: left;\"><strong>ANESTH\u00c9SIOLOGIE<\/strong><br \/>\nDr Philippe Chouinard, chef<br \/>\nDre Catherine Lavall\u00e9e co-chef<br \/>\nMandat de 4 ans<\/p>\n<p style=\"text-align: left;\"><strong>BIOLOGIE-M\u00c9DICALE<\/strong><br \/>\nDr Ga\u00e9tan Carrier, chef<br \/>\nDre Am\u00e9lie Thuot, co-chef<br \/>\nMandat de 2 ans<\/p>\n<p style=\"text-align: left;\"><strong>CHIRURGIE<\/strong><br \/>\nDr Jean-Luc L\u00e9vesque, chef<br \/>\nDre Marie-H\u00e9l\u00e8ne Loriot, co-chef<br \/>\nMandat de 4 ans<\/p>\n<p style=\"text-align: left;\"><strong>GYN\u00c9COLOGIE-OBST\u00c9TRIQUE<\/strong><br \/>\nDr Gilles Perreault, chef<br \/>\nDr Victor Nizard, co-chef<br \/>\nMandat de 4 ans<\/p>\n<p style=\"text-align: left;\"><strong>H\u00c9MATO-ONCOLOGIE<\/strong><br \/>\nDre Catherine Prady, chef<br \/>\nDre Nathalie Dubreuil-Moisan, co-chef<br \/>\nMandat de 4 ans<\/p>\n<p style=\"text-align: left;\"><strong>IMAGERIE M\u00c9DICALE<\/strong><br \/>\nDre Genevi\u00e8ve Boisvert, chef<br \/>\nDr Glenn Boisvert, co-chef<br \/>\nMandat de 2 ans en alternance sur une<br \/>\np\u00e9riode de 4 ans<\/p>\n<p style=\"text-align: left;\"><strong>M\u00c9DECINE D\u2019URGENCE<\/strong><br \/>\nDr Laurent Boisvert, chef<br \/>\nDr Philippe More, co-chef<br \/>\nMandat de 4 ans<\/p>\n<\/div>\n<div style=\"width: 10%; float: left; text-align: left;\"><\/div>\n<div style=\"width: 45%; float: left; text-align: center;\">\n<p style=\"text-align: left;\"><strong>M\u00c9DECINE G\u00c9N\u00c9RALE<\/strong><br \/>\nDr \u00c9ric Moretti, chef<br \/>\nDre Julie Gareau, co-chef<br \/>\nMandat de 4 ans<\/p>\n<p style=\"text-align: left;\"><strong>M\u00c9DECINE SP\u00c9CIALIS\u00c9E<\/strong><br \/>\nDre Chantal Vall\u00e9e, chef<br \/>\nDr Martin Larocque, co-chef<br \/>\nMandat de 4 ans<\/p>\n<p style=\"text-align: left;\"><strong>ORTHOP\u00c9DIE<\/strong><br \/>\nDr Karl Fournier comme chef<br \/>\nDr Louis-David Raymond comme co-chef<br \/>\nMandat de 2 ans en alternance sur une p\u00e9riode de 4 ans<\/p>\n<p style=\"text-align: left;\"><strong>P\u00c9DIATRIE<\/strong><br \/>\nDre H\u00e9l\u00e8ne Guillemette, chef<br \/>\nMandat de 4 ans.<\/p>\n<p style=\"text-align: left;\"><strong>P\u00c9DOPSYCHIATRIE<\/strong><br \/>\nDre Caroline No\u00ebl, chef<br \/>\nMandat de 4 ans<\/p>\n<p style=\"text-align: left;\"><strong>PSYCHIATRIE ADULTE<\/strong><br \/>\nDr Pierre Poulin, chef<br \/>\nDr Pierre-Paul Yale, co-chef<br \/>\nMandat de 4 ans<\/p>\n<p style=\"text-align: left;\"><strong>RADIO-ONCOLOGIE<\/strong><br \/>\nDr Selvan Rajakesari, chef<br \/>\nMandat de 4 ans<\/p>\n<\/div>\n<div style=\"width: 5%; float: left;\"><\/div>\n<\/div>\n<p>Au nom du conseil d\u2019administration et de l\u2019\u00e9quipe de direction, je tiens \u00e0 f\u00e9liciter et \u00e0 souhaiter le meilleur des succ\u00e8s aux personnes nomm\u00e9es dans la r\u00e9alisation de leurs nouveaux d\u00e9fis, qui s\u2019inscrivent dans le cadre de la transformation de notre r\u00e9seau. J\u2019en profite pour remercier chaleureusement tous les chefs qui se sont impliqu\u00e9s au cours des derni\u00e8res ann\u00e9es et qui ont contribu\u00e9 au d\u00e9veloppement de notre organisation.<\/p>\n<p>Richard Deschamps,<br \/>\nPr\u00e9sident-directeur g\u00e9n\u00e9ral<\/p>\n<p>&nbsp;<\/p>\n","protected":false},"excerpt":{"rendered":"<p>Mesdames, Messieurs, Au nom du conseil d\u2019administration, j\u2019ai le plaisir de vous annoncer les nominations des chefs et co-chefs des d\u00e9partements cliniques de notre \u00e9tablissement adopt\u00e9es lors de la s\u00e9ance publique du conseil d\u2019administration qui se d\u00e9roulait hier soir.<\/p>\n","protected":false},"author":1,"featured_media":0,"comment_status":"open","ping_status":"closed","sticky":false,"template":"","format":"standard","meta":{"footnotes":""},"categories":[1],"tags":[8],"_links":{"self":[{"href":"https:\/\/santemc.quebec\/icentre\/wp-json\/wp\/v2\/posts\/2534"}],"collection":[{"href":"https:\/\/santemc.quebec\/icentre\/wp-json\/wp\/v2\/posts"}],"about":[{"href":"https:\/\/santemc.quebec\/icentre\/wp-json\/wp\/v2\/types\/post"}],"author":[{"embeddable":true,"href":"https:\/\/santemc.quebec\/icentre\/wp-json\/wp\/v2\/users\/1"}],"replies":[{"embeddable":true,"href":"https:\/\/santemc.quebec\/icentre\/wp-json\/wp\/v2\/comments?post=2534"}],"version-history":[{"count":11,"href":"https:\/\/santemc.quebec\/icentre\/wp-json\/wp\/v2\/posts\/2534\/revisions"}],"predecessor-version":[{"id":2545,"href":"https:\/\/santemc.quebec\/icentre\/wp-json\/wp\/v2\/posts\/2534\/revisions\/2545"}],"wp:attachment":[{"href":"https:\/\/santemc.quebec\/icentre\/wp-json\/wp\/v2\/media?parent=2534"}],"wp:term":[{"taxonomy":"category","embeddable":true,"href":"https:\/\/santemc.quebec\/icentre\/wp-json\/wp\/v2\/categories?post=2534"},{"taxonomy":"post_tag","embeddable":true,"href":"https:\/\/santemc.quebec\/icentre\/wp-json\/wp\/v2\/tags?post=2534"}],"curies":[{"name":"wp","href":"https:\/\/api.w.org\/{rel}","templated":true}]}}