{"id":2554,"date":"2016-06-16T11:52:04","date_gmt":"2016-06-16T15:52:04","guid":{"rendered":"http:\/\/santemc.quebec\/icentre\/?p=2554"},"modified":"2016-06-16T11:52:04","modified_gmt":"2016-06-16T15:52:04","slug":"quont-en-commun-le-zika-les-ratons-laveurs-la-varicelle-la-maladie-de-lyme-et-les-its","status":"publish","type":"post","link":"https:\/\/santemc.quebec\/icentre\/quont-en-commun-le-zika-les-ratons-laveurs-la-varicelle-la-maladie-de-lyme-et-les-its\/","title":{"rendered":"Qu\u2019ont en commun le Zika, les ratons laveurs, la varicelle, la maladie de Lyme et les ITS ?"},"content":{"rendered":"<p>Ces sujets ont tous \u00e9t\u00e9 abord\u00e9s dans le bulletin d\u2019information en maladies infectieuses, <em>Sentinelle<\/em>. Ce bulletin, destin\u00e9 aux professionnels de la sant\u00e9, pr\u00e9sente les informations essentielles \u00e0 conna\u00eetre sur diff\u00e9rentes maladies transmissibles.\u00a0Vous avez peu de temps \u00e0 consacrer \u00e0 la lecture ? Ce bulletin \u00e9lectronique est donc pour vous ! R\u00e9dig\u00e9 par Docteure Lina Perron en collaboration avec l\u2019\u00e9quipe maladies infectieuses de la Direction de sant\u00e9 publique, <em>Sentinelle<\/em> est synth\u00e9tis\u00e9 en deux pages afin de permettre aux omnipraticiens, infirmi\u00e8res, pharmaciens et autres professionnels d\u2019\u00eatre en mesure de r\u00e9pondre rapidement et facilement \u00e0 leurs patients.<!--more--><\/p>\n<p><em>Sentinelle<\/em>\u00a0:<\/p>\n<ul>\n<li>8 \u00e0 10 parutions annuelles;<\/li>\n<li>Pour sauver du temps;<\/li>\n<li>R\u00e9sum\u00e9 d\u2019une probl\u00e9matique en un coup d\u2019\u0153il;<\/li>\n<li>Information pertinente sur les derni\u00e8res recommandations au moment opportun;<\/li>\n<li>Hyperliens pour obtenir plus d\u2019information;<\/li>\n<li>Aucune autre source r\u00e9guli\u00e8re d\u2019information pour les professionnels de la sant\u00e9 sur des probl\u00e9matiques r\u00e9gionales.<\/li>\n<\/ul>\n<p>Pour obtenir l\u2019essentiel de l\u2019information en un clin d\u2019\u0153il, abonnez-vous \u00e0 <em>Sentinelle<\/em> : <a href=\"http:\/\/www.sentinellemonteregie.ca\/\">sentinellemonteregie.ca <\/a><\/p>\n<p>Pour plus de renseignements, vous pouvez nous \u00e9crire \u00e0 <a href=\"mailto:lina.perron.agence16@ssss.gouv.qc.ca\">lina.perron.agence16@ssss.gouv.qc.ca<\/a><\/p>\n","protected":false},"excerpt":{"rendered":"<p>Ces sujets ont tous \u00e9t\u00e9 abord\u00e9s dans le bulletin d\u2019information en maladies infectieuses, Sentinelle. Ce bulletin, destin\u00e9 aux professionnels de la sant\u00e9, pr\u00e9sente les informations essentielles \u00e0 conna\u00eetre sur diff\u00e9rentes maladies transmissibles.\u00a0Vous avez peu de temps \u00e0 consacrer \u00e0 la &hellip; <a href=\"https:\/\/santemc.quebec\/icentre\/quont-en-commun-le-zika-les-ratons-laveurs-la-varicelle-la-maladie-de-lyme-et-les-its\/\">Continuer la lecture <span class=\"meta-nav\">&rarr;<\/span><\/a><\/p>\n","protected":false},"author":1,"featured_media":0,"comment_status":"open","ping_status":"closed","sticky":false,"template":"","format":"standard","meta":{"footnotes":""},"categories":[1],"tags":[],"_links":{"self":[{"href":"https:\/\/santemc.quebec\/icentre\/wp-json\/wp\/v2\/posts\/2554"}],"collection":[{"href":"https:\/\/santemc.quebec\/icentre\/wp-json\/wp\/v2\/posts"}],"about":[{"href":"https:\/\/santemc.quebec\/icentre\/wp-json\/wp\/v2\/types\/post"}],"author":[{"embeddable":true,"href":"https:\/\/santemc.quebec\/icentre\/wp-json\/wp\/v2\/users\/1"}],"replies":[{"embeddable":true,"href":"https:\/\/santemc.quebec\/icentre\/wp-json\/wp\/v2\/comments?post=2554"}],"version-history":[{"count":1,"href":"https:\/\/santemc.quebec\/icentre\/wp-json\/wp\/v2\/posts\/2554\/revisions"}],"predecessor-version":[{"id":2555,"href":"https:\/\/santemc.quebec\/icentre\/wp-json\/wp\/v2\/posts\/2554\/revisions\/2555"}],"wp:attachment":[{"href":"https:\/\/santemc.quebec\/icentre\/wp-json\/wp\/v2\/media?parent=2554"}],"wp:term":[{"taxonomy":"category","embeddable":true,"href":"https:\/\/santemc.quebec\/icentre\/wp-json\/wp\/v2\/categories?post=2554"},{"taxonomy":"post_tag","embeddable":true,"href":"https:\/\/santemc.quebec\/icentre\/wp-json\/wp\/v2\/tags?post=2554"}],"curies":[{"name":"wp","href":"https:\/\/api.w.org\/{rel}","templated":true}]}}