{"id":2576,"date":"2016-06-17T10:51:18","date_gmt":"2016-06-17T14:51:18","guid":{"rendered":"http:\/\/santemc.quebec\/icentre\/?p=2576"},"modified":"2016-06-20T09:00:05","modified_gmt":"2016-06-20T13:00:05","slug":"en-route-vers-rio-une-presence-cissienne-aux-jeux-olympiques-2016","status":"publish","type":"post","link":"https:\/\/santemc.quebec\/icentre\/en-route-vers-rio-une-presence-cissienne-aux-jeux-olympiques-2016\/","title":{"rendered":"En route vers Rio : une pr\u00e9sence \u00ab cissienne \u00bb aux Jeux olympiques 2016"},"content":{"rendered":"<p><a href=\"https:\/\/santemc.quebec\/icentre\/?attachment_id=2577\" rel=\"attachment wp-att-2577\"><img decoding=\"async\" loading=\"lazy\" class=\"alignleft size-medium wp-image-2577\" src=\"http:\/\/santemc.quebec\/santemc\/icentre\/wp-content\/uploads\/2016\/06\/2_athletes-300x195.jpg\" alt=\"2_athletes\" width=\"300\" height=\"195\" srcset=\"https:\/\/santemc.quebec\/santemc\/icentre\/wp-content\/uploads\/2016\/06\/2_athletes-300x195.jpg 300w, https:\/\/santemc.quebec\/santemc\/icentre\/wp-content\/uploads\/2016\/06\/2_athletes.jpg 383w\" sizes=\"(max-width: 300px) 100vw, 300px\" \/><\/a>Les Jeux olympiques de Rio de Janeiro seront charg\u00e9s d\u2019une signification bien particuli\u00e8re pour un employ\u00e9 et un ancien employ\u00e9 du CISSS de la Mont\u00e9r\u00e9gie-Centre. Bruno Hach\u00e9, ouvrier de maintenance \u00e0 l\u2019Institut Nazareth et Louis-Braille (INLB) et Pascal Lussier, ex-pr\u00e9pos\u00e9 aux b\u00e9n\u00e9ficiaires \u00e0 l\u2019H\u00f4pital du Haut-Richelieu, repr\u00e9senteront le Canada, respectivement en goalball et en aviron, aux prochains Jeux d\u2019\u00e9t\u00e9 qui se d\u00e9rouleront du 5 au 21 ao\u00fbt 2016, au Br\u00e9sil.<\/p>\n<p><!--more--><\/p>\n<div style=\"width: 100%; height: 40px;\"><\/div>\n<p><strong><a href=\"https:\/\/santemc.quebec\/icentre\/?attachment_id=2578\" rel=\"attachment wp-att-2578\"><img decoding=\"async\" loading=\"lazy\" class=\"alignleft wp-image-2578 \" src=\"http:\/\/santemc.quebec\/santemc\/icentre\/wp-content\/uploads\/2016\/06\/BrunoHache-Panam-225x300.jpg\" alt=\"BrunoHache-Panam\" width=\"198\" height=\"261\" \/><\/a><\/strong><\/p>\n<p><strong>Bruno Hach\u00e9<\/strong> est membre de l\u2019\u00e9quipe canadienne masculine de goalball depuis 15 ans. Ses co\u00e9quipiers et lui ont obtenu leur laissez-passer pour les Jeux paralympiques en remportant une m\u00e9daille de bronze aux Jeux parapanam\u00e9ricains de Toronto en ao\u00fbt dernier. Bruno Hach\u00e9 a d\u00e9couvert le goalball \u00e0 23 ans, ayant commenc\u00e9 \u00e0 perdre sa vision \u00e0 18 ans \u00e0 cause d\u2019un \u00e9tat h\u00e9r\u00e9ditaire. Il a particip\u00e9 \u00e0 sa premi\u00e8re comp\u00e9tition au niveau \u00e9lite dans un tournoi invitation en 2001. Depuis, il a pris part \u00e0 quatre championnats du monde et \u00e0 trois Jeux paralympiques.<\/p>\n<p>&nbsp;<\/p>\n<div style=\"width: 100%; height: 40px;\"><\/div>\n<p><strong><a href=\"https:\/\/santemc.quebec\/icentre\/?attachment_id=2579\" rel=\"attachment wp-att-2579\"><img decoding=\"async\" loading=\"lazy\" class=\" wp-image-2579 alignleft\" src=\"http:\/\/santemc.quebec\/santemc\/icentre\/wp-content\/uploads\/2016\/06\/pascal_lussier_1_0-224x300.jpg\" alt=\"pascal_lussier_1_0\" width=\"187\" height=\"247\" \/><\/a>Pascal Lussier<\/strong> fait partie de l\u2019\u00e9quipe canadienne d\u2019aviron depuis seulement trois ans et il participera \u00e0 ses premiers Jeux olympiques \u00e0 vie \u00e0 Rio. Le jeune athl\u00e8te, qui a quitt\u00e9 son emploi au CISSS pour se consacrer \u00e0 l\u2019entra\u00eenement, a \u00e9t\u00e9 retenu parmi les avironneurs qui forment le quatre de couple masculin canadien. Le quatuor a r\u00e9ussi \u00e0 d\u00e9crocher le dernier billet pour les Jeux 2016 en terminant deuxi\u00e8me lors de la qualification olympique \u00e0 Lucerne, en Suisse, le 24 mai. Pascal Lussier conna\u00eet une ascension spectaculaire dans l\u2019\u00e9lite de son sport, lui qui s\u2019est initi\u00e9 \u00e0 l\u2019aviron il y a \u00e0 peine cinq ans. Promu au sein de l\u2019\u00e9quipe canadienne d\u2019aviron en 2013, il a particip\u00e9 \u00e0 plusieurs comp\u00e9titions internationales o\u00f9 il a fait tr\u00e8s bonne figure.<\/p>\n<p>Nous souhaitons bonne chance \u00e0 ces deux athl\u00e8tes inspirants! Nous vous tiendrons inform\u00e9s de leurs r\u00e9sultats aux Jeux olympiques.<\/p>\n","protected":false},"excerpt":{"rendered":"<p>Les Jeux olympiques de Rio de Janeiro seront charg\u00e9s d\u2019une signification bien particuli\u00e8re pour un employ\u00e9 et un ancien employ\u00e9 du CISSS de la Mont\u00e9r\u00e9gie-Centre. Bruno Hach\u00e9, ouvrier de maintenance \u00e0 l\u2019Institut Nazareth et Louis-Braille (INLB) et Pascal Lussier, ex-pr\u00e9pos\u00e9 &hellip; <a href=\"https:\/\/santemc.quebec\/icentre\/en-route-vers-rio-une-presence-cissienne-aux-jeux-olympiques-2016\/\">Continuer la lecture <span class=\"meta-nav\">&rarr;<\/span><\/a><\/p>\n","protected":false},"author":1,"featured_media":0,"comment_status":"open","ping_status":"closed","sticky":false,"template":"","format":"standard","meta":{"footnotes":""},"categories":[1],"tags":[],"_links":{"self":[{"href":"https:\/\/santemc.quebec\/icentre\/wp-json\/wp\/v2\/posts\/2576"}],"collection":[{"href":"https:\/\/santemc.quebec\/icentre\/wp-json\/wp\/v2\/posts"}],"about":[{"href":"https:\/\/santemc.quebec\/icentre\/wp-json\/wp\/v2\/types\/post"}],"author":[{"embeddable":true,"href":"https:\/\/santemc.quebec\/icentre\/wp-json\/wp\/v2\/users\/1"}],"replies":[{"embeddable":true,"href":"https:\/\/santemc.quebec\/icentre\/wp-json\/wp\/v2\/comments?post=2576"}],"version-history":[{"count":12,"href":"https:\/\/santemc.quebec\/icentre\/wp-json\/wp\/v2\/posts\/2576\/revisions"}],"predecessor-version":[{"id":2598,"href":"https:\/\/santemc.quebec\/icentre\/wp-json\/wp\/v2\/posts\/2576\/revisions\/2598"}],"wp:attachment":[{"href":"https:\/\/santemc.quebec\/icentre\/wp-json\/wp\/v2\/media?parent=2576"}],"wp:term":[{"taxonomy":"category","embeddable":true,"href":"https:\/\/santemc.quebec\/icentre\/wp-json\/wp\/v2\/categories?post=2576"},{"taxonomy":"post_tag","embeddable":true,"href":"https:\/\/santemc.quebec\/icentre\/wp-json\/wp\/v2\/tags?post=2576"}],"curies":[{"name":"wp","href":"https:\/\/api.w.org\/{rel}","templated":true}]}}