{"id":2586,"date":"2016-06-17T14:19:38","date_gmt":"2016-06-17T18:19:38","guid":{"rendered":"http:\/\/santemc.quebec\/icentre\/?p=2586"},"modified":"2016-06-17T15:54:00","modified_gmt":"2016-06-17T19:54:00","slug":"de-garde-247-en-route-vers-les-gemeaux","status":"publish","type":"post","link":"https:\/\/santemc.quebec\/icentre\/de-garde-247-en-route-vers-les-gemeaux\/","title":{"rendered":"De garde 24\/7 r\u00e9colte quatre nominations au G\u00e9meaux!"},"content":{"rendered":"<p><a href=\"http:\/\/santemc.quebec\/santemc\/icentre\/wp-content\/uploads\/2015\/10\/imagedoc_Degarde.jpg\"><img decoding=\"async\" loading=\"lazy\" class=\"alignleft wp-image-992 size-thumbnail\" src=\"http:\/\/santemc.quebec\/santemc\/icentre\/wp-content\/uploads\/2015\/10\/imagedoc_Degarde-150x150.jpg\" alt=\"imagedoc_Degarde\" width=\"150\" height=\"150\" \/><\/a>Tourn\u00e9e \u00e0 l\u2019H\u00f4pital Charles-Le Moyne, la s\u00e9rie <em>De garde 24\/7<\/em> continue de susciter les \u00e9loges en r\u00e9coltant quatre nominations aux prochains Prix G\u00e9meaux\u00a0! Hier, la conf\u00e9rence de presse annon\u00e7ant les finalistes nous apprenait que la s\u00e9rie s\u2019illustrait dans la cat\u00e9gorie <em>Meilleure s\u00e9rie documentaire : soci\u00e9t\u00e9<\/em>. Les cr\u00e9ateurs du sc\u00e9nario, du son et de la musique ont \u00e9galement \u00e9t\u00e9 reconnus par leurs pairs.<!--more--><\/p>\n<p>Ce succ\u00e8s, attribuable il va sans dire \u00e0 la qualit\u00e9 du travail de production et de r\u00e9alisation, n\u2019aurait pu \u00eatre possible sans l\u2019engagement et la g\u00e9n\u00e9rosit\u00e9 de nos m\u00e9decins protagonistes et de toutes nos \u00e9quipes ayant collabor\u00e9 \u00e0 la s\u00e9rie.\u00a0La deuxi\u00e8me saison de <em>De garde 24\/7<\/em>, pr\u00e9sentement en production \u00e0 l\u2019H\u00f4pital Charles-Le Moyne, sera diffus\u00e9e \u00e0 T\u00e9l\u00e9-Qu\u00e9bec en 2017.<\/p>\n<p>Rappelons que les Prix G\u00e9meaux sont une c\u00e9l\u00e9bration d\u2019envergure qui r\u00e9compense depuis 1987 l\u2019excellence et le talent des artistes et artisans du petit \u00e9cran dans une centaine de cat\u00e9gories. Les gagnants seront connus \u00e0 l\u2019occasion du 31<sup>e<\/sup> gala qui aura lieu le 18 septembre.<\/p>\n","protected":false},"excerpt":{"rendered":"<p>Tourn\u00e9e \u00e0 l\u2019H\u00f4pital Charles-Le Moyne, la s\u00e9rie De garde 24\/7 continue de susciter les \u00e9loges en r\u00e9coltant quatre nominations aux prochains Prix G\u00e9meaux\u00a0! Hier, la conf\u00e9rence de presse annon\u00e7ant les finalistes nous apprenait que la s\u00e9rie s\u2019illustrait dans la cat\u00e9gorie &hellip; <a href=\"https:\/\/santemc.quebec\/icentre\/de-garde-247-en-route-vers-les-gemeaux\/\">Continuer la lecture <span class=\"meta-nav\">&rarr;<\/span><\/a><\/p>\n","protected":false},"author":2,"featured_media":0,"comment_status":"open","ping_status":"closed","sticky":false,"template":"","format":"standard","meta":{"footnotes":""},"categories":[1],"tags":[],"_links":{"self":[{"href":"https:\/\/santemc.quebec\/icentre\/wp-json\/wp\/v2\/posts\/2586"}],"collection":[{"href":"https:\/\/santemc.quebec\/icentre\/wp-json\/wp\/v2\/posts"}],"about":[{"href":"https:\/\/santemc.quebec\/icentre\/wp-json\/wp\/v2\/types\/post"}],"author":[{"embeddable":true,"href":"https:\/\/santemc.quebec\/icentre\/wp-json\/wp\/v2\/users\/2"}],"replies":[{"embeddable":true,"href":"https:\/\/santemc.quebec\/icentre\/wp-json\/wp\/v2\/comments?post=2586"}],"version-history":[{"count":4,"href":"https:\/\/santemc.quebec\/icentre\/wp-json\/wp\/v2\/posts\/2586\/revisions"}],"predecessor-version":[{"id":2590,"href":"https:\/\/santemc.quebec\/icentre\/wp-json\/wp\/v2\/posts\/2586\/revisions\/2590"}],"wp:attachment":[{"href":"https:\/\/santemc.quebec\/icentre\/wp-json\/wp\/v2\/media?parent=2586"}],"wp:term":[{"taxonomy":"category","embeddable":true,"href":"https:\/\/santemc.quebec\/icentre\/wp-json\/wp\/v2\/categories?post=2586"},{"taxonomy":"post_tag","embeddable":true,"href":"https:\/\/santemc.quebec\/icentre\/wp-json\/wp\/v2\/tags?post=2586"}],"curies":[{"name":"wp","href":"https:\/\/api.w.org\/{rel}","templated":true}]}}