{"id":2603,"date":"2016-06-22T16:07:38","date_gmt":"2016-06-22T20:07:38","guid":{"rendered":"http:\/\/santemc.quebec\/icentre\/?p=2603"},"modified":"2016-06-22T16:07:38","modified_gmt":"2016-06-22T20:07:38","slug":"linstitut-nazareth-et-louis-braille-conserve-sa-denomination","status":"publish","type":"post","link":"https:\/\/santemc.quebec\/icentre\/linstitut-nazareth-et-louis-braille-conserve-sa-denomination\/","title":{"rendered":"L\u2019Institut Nazareth et Louis-Braille conserve sa d\u00e9nomination"},"content":{"rendered":"<p>Nous sommes heureux de vous annoncer que le Minist\u00e8re de la Sant\u00e9 et des Services sociaux (MSSS) autorise l\u2019Institut Nazareth et Louis-Braille \u00e0 conserver son appellation pour l\u2019ensemble de ses lieux de services.<\/p>\n<p>Rappelons que dans la foul\u00e9e de la transformation du r\u00e9seau, le MSSS a \u00e9tabli un cadre afin d\u2019harmoniser les appellations des diff\u00e9rents \u00e9tablissements. Le CISSS de la Mont\u00e9r\u00e9gie-Centre a effectu\u00e9 en avril dernier une demande aupr\u00e8s du MSSS afin que les installations nomm\u00e9es Institut Nazareth et Louis-Braille puissent conserver leur nom d\u2019origine. Ainsi, le CISSS a su d\u00e9montrer au MSSS le caract\u00e8re historique de l\u2019INLB qui a \u00e9t\u00e9 cr\u00e9\u00e9 en 1861, la renomm\u00e9e internationale de m\u00eame que le risque d\u2019engendrer une confusion importante chez la population.<\/p>\n","protected":false},"excerpt":{"rendered":"<p>Nous sommes heureux de vous annoncer que le Minist\u00e8re de la Sant\u00e9 et des Services sociaux (MSSS) autorise l\u2019Institut Nazareth et Louis-Braille \u00e0 conserver son appellation pour l\u2019ensemble de ses lieux de services. Rappelons que dans la foul\u00e9e de la &hellip; <a href=\"https:\/\/santemc.quebec\/icentre\/linstitut-nazareth-et-louis-braille-conserve-sa-denomination\/\">Continuer la lecture <span class=\"meta-nav\">&rarr;<\/span><\/a><\/p>\n","protected":false},"author":1,"featured_media":0,"comment_status":"open","ping_status":"closed","sticky":false,"template":"","format":"standard","meta":{"footnotes":""},"categories":[1],"tags":[],"_links":{"self":[{"href":"https:\/\/santemc.quebec\/icentre\/wp-json\/wp\/v2\/posts\/2603"}],"collection":[{"href":"https:\/\/santemc.quebec\/icentre\/wp-json\/wp\/v2\/posts"}],"about":[{"href":"https:\/\/santemc.quebec\/icentre\/wp-json\/wp\/v2\/types\/post"}],"author":[{"embeddable":true,"href":"https:\/\/santemc.quebec\/icentre\/wp-json\/wp\/v2\/users\/1"}],"replies":[{"embeddable":true,"href":"https:\/\/santemc.quebec\/icentre\/wp-json\/wp\/v2\/comments?post=2603"}],"version-history":[{"count":1,"href":"https:\/\/santemc.quebec\/icentre\/wp-json\/wp\/v2\/posts\/2603\/revisions"}],"predecessor-version":[{"id":2604,"href":"https:\/\/santemc.quebec\/icentre\/wp-json\/wp\/v2\/posts\/2603\/revisions\/2604"}],"wp:attachment":[{"href":"https:\/\/santemc.quebec\/icentre\/wp-json\/wp\/v2\/media?parent=2603"}],"wp:term":[{"taxonomy":"category","embeddable":true,"href":"https:\/\/santemc.quebec\/icentre\/wp-json\/wp\/v2\/categories?post=2603"},{"taxonomy":"post_tag","embeddable":true,"href":"https:\/\/santemc.quebec\/icentre\/wp-json\/wp\/v2\/tags?post=2603"}],"curies":[{"name":"wp","href":"https:\/\/api.w.org\/{rel}","templated":true}]}}