{"id":261,"date":"2015-05-25T11:00:53","date_gmt":"2015-05-25T15:00:53","guid":{"rendered":"http:\/\/santemc.quebec\/icentre\/?p=261"},"modified":"2015-05-25T14:49:16","modified_gmt":"2015-05-25T18:49:16","slug":"signature-dune-entente-de-principe-entre-le-gouvernement-du-quebec-et-la-federation-des-medecins-omnipraticiens-du-quebec","status":"publish","type":"post","link":"https:\/\/santemc.quebec\/icentre\/signature-dune-entente-de-principe-entre-le-gouvernement-du-quebec-et-la-federation-des-medecins-omnipraticiens-du-quebec\/","title":{"rendered":"Signature d&rsquo;une entente de principe entre le gouvernement du Qu\u00e9bec et la F\u00e9d\u00e9ration des m\u00e9decins omnipraticiens du Qu\u00e9bec"},"content":{"rendered":"<p>Le ministre de la Sant\u00e9 et des Services sociaux, monsieur Ga\u00e9tan\u00a0Barrette, a annonc\u00e9 aujourd\u2019hui que le gouvernement du Qu\u00e9bec a conclu une entente de principe avec la F\u00e9d\u00e9ration des m\u00e9decins omnipraticiens du Qu\u00e9bec (FMOQ) concernant l\u2019am\u00e9lioration de l\u2019acc\u00e8s aux m\u00e9decins de famille.<!--more--><\/p>\n<div id=\"conteneur\">\n<div id=\"conteneur_page\">\n<div id=\"contenu_milieu\">\n<div id=\"zone_contenu\">\n<p>\u00ab\u00a0Je suis particuli\u00e8rement fier que le gouvernement du Qu\u00e9bec ait conclu cette entente de principe avec les m\u00e9decins de famille, car il s\u2019agit sans contredit d\u2019une entente historique. Non seulement par sa nature, puisqu\u2019aucune autre entente du genre n\u2019a \u00e9t\u00e9 conclue avec une f\u00e9d\u00e9ration de m\u00e9decins, mais aussi par sa port\u00e9e. Ses modalit\u00e9s requi\u00e8rent, en effet, un effort colossal de la part de la F\u00e9d\u00e9ration et de ses membres. Notre gouvernement en est bien conscient et nous leur en sommes reconnaissants. Mais celui qui sort grand gagnant de cette entente, c\u2019est le patient, qui verra enfin l\u2019accessibilit\u00e9 des m\u00e9decins de famille s\u2019am\u00e9liorer de fa\u00e7on majeure\u00a0\u00bb, a d\u00e9clar\u00e9 le ministre Barrette.<\/p>\n<p>L\u2019entente pr\u00e9voit entre autres, des cibles d\u2019inscription et de suivi de patients (85\u00a0% de la population du Qu\u00e9bec) et d\u2019assiduit\u00e9 pour les m\u00e9decins de famille (80\u00a0%), ainsi que des indicateurs de performance permettant d\u2019\u00e9valuer conjointement l\u2019atteinte de ces cibles. L\u2019entente pr\u00e9cise que les r\u00e9sultats devront \u00eatre atteints au 31 d\u00e9cembre 2017, sans quoi elle pr\u00e9voit que les modalit\u00e9s du projet de loi n<sup>o<\/sup> 20 \u00e9dictant la Loi favorisant l\u2019acc\u00e8s aux services de m\u00e9decine de famille et de m\u00e9decine sp\u00e9cialis\u00e9e et modifiant diverses dispositions l\u00e9gislatives en mati\u00e8re de procr\u00e9ation assist\u00e9e, actuellement \u00e0 l&rsquo;\u00e9tude par les membres de l&rsquo;Assembl\u00e9e nationale, s\u2019appliquerait advenant son adoption.<\/p>\n<p>\u00ab\u00a0Ce que cette entente signifie, c\u2019est qu\u2019\u00e0 terme, tous les Qu\u00e9b\u00e9cois qui le souhaitent auront acc\u00e8s \u00e0 un m\u00e9decin de famille en temps opportun. J\u2019ajouterais m\u00eame qu\u2019ils n\u2019auront pas seulement acc\u00e8s \u00e0 leur m\u00e9decin au bon moment, mais aussi au bon endroit, car l\u2019entente favorisera aussi une meilleure couverture du territoire, au profit d\u2019une meilleure offre de service de proximit\u00e9, ainsi qu\u2019un meilleur \u00e9quilibre de la pratique entre le cabinet et l\u2019h\u00f4pital. Des mesures qui contribueront bien s\u00fbr aussi \u00e0 r\u00e9duire l\u2019achalandage et, par cons\u00e9quent, le temps d\u2019attente aux urgences\u00a0\u00bb, a ajout\u00e9 le ministre Barrette.<\/p>\n<p>Il importe de pr\u00e9ciser que le projet de loi\u00a0n<sup>o<\/sup>\u00a020 suit son cours et que cette entente n&rsquo;a pas pour effet de limiter les privil\u00e8ges des membres de l&rsquo;Assembl\u00e9e nationale du Qu\u00e9bec. \u00ab\u00a0Cela dit, nous avons confiance que les m\u00e9decins de famille parviendront \u00e0 atteindre les objectifs que nous nous sommes fix\u00e9s ensemble, et ce, au b\u00e9n\u00e9fice de la population qu\u00e9b\u00e9coise toute enti\u00e8re\u00a0\u00bb, a conclu le ministre Barrette.<\/p>\n<p>Source : minist\u00e8re de la Sant\u00e9 et des Services sociaux<\/p>\n<\/div>\n<\/div>\n<\/div>\n<\/div>\n","protected":false},"excerpt":{"rendered":"<p>Le ministre de la Sant\u00e9 et des Services sociaux, monsieur Ga\u00e9tan\u00a0Barrette, a annonc\u00e9 aujourd\u2019hui que le gouvernement du Qu\u00e9bec a conclu une entente de principe avec la F\u00e9d\u00e9ration des m\u00e9decins omnipraticiens du Qu\u00e9bec (FMOQ) concernant l\u2019am\u00e9lioration de l\u2019acc\u00e8s aux m\u00e9decins &hellip; <a href=\"https:\/\/santemc.quebec\/icentre\/signature-dune-entente-de-principe-entre-le-gouvernement-du-quebec-et-la-federation-des-medecins-omnipraticiens-du-quebec\/\">Continuer la lecture <span class=\"meta-nav\">&rarr;<\/span><\/a><\/p>\n","protected":false},"author":1,"featured_media":0,"comment_status":"open","ping_status":"closed","sticky":false,"template":"","format":"standard","meta":{"footnotes":""},"categories":[14],"tags":[],"_links":{"self":[{"href":"https:\/\/santemc.quebec\/icentre\/wp-json\/wp\/v2\/posts\/261"}],"collection":[{"href":"https:\/\/santemc.quebec\/icentre\/wp-json\/wp\/v2\/posts"}],"about":[{"href":"https:\/\/santemc.quebec\/icentre\/wp-json\/wp\/v2\/types\/post"}],"author":[{"embeddable":true,"href":"https:\/\/santemc.quebec\/icentre\/wp-json\/wp\/v2\/users\/1"}],"replies":[{"embeddable":true,"href":"https:\/\/santemc.quebec\/icentre\/wp-json\/wp\/v2\/comments?post=261"}],"version-history":[{"count":1,"href":"https:\/\/santemc.quebec\/icentre\/wp-json\/wp\/v2\/posts\/261\/revisions"}],"predecessor-version":[{"id":262,"href":"https:\/\/santemc.quebec\/icentre\/wp-json\/wp\/v2\/posts\/261\/revisions\/262"}],"wp:attachment":[{"href":"https:\/\/santemc.quebec\/icentre\/wp-json\/wp\/v2\/media?parent=261"}],"wp:term":[{"taxonomy":"category","embeddable":true,"href":"https:\/\/santemc.quebec\/icentre\/wp-json\/wp\/v2\/categories?post=261"},{"taxonomy":"post_tag","embeddable":true,"href":"https:\/\/santemc.quebec\/icentre\/wp-json\/wp\/v2\/tags?post=261"}],"curies":[{"name":"wp","href":"https:\/\/api.w.org\/{rel}","templated":true}]}}