{"id":2613,"date":"2016-06-23T14:07:25","date_gmt":"2016-06-23T18:07:25","guid":{"rendered":"http:\/\/santemc.quebec\/icentre\/?p=2613"},"modified":"2016-06-23T14:12:33","modified_gmt":"2016-06-23T18:12:33","slug":"lancement-des-communautes-de-pratique-du-reseau-integre-de-soutien-a-la-pratique-professionnelle-de-la-direction-des-services-multidisciplinaires","status":"publish","type":"post","link":"https:\/\/santemc.quebec\/icentre\/lancement-des-communautes-de-pratique-du-reseau-integre-de-soutien-a-la-pratique-professionnelle-de-la-direction-des-services-multidisciplinaires\/","title":{"rendered":"Lancement des communaut\u00e9s de pratique du R\u00e9seau int\u00e9gr\u00e9 de soutien \u00e0 la pratique professionnelle de la direction des services multidisciplinaires"},"content":{"rendered":"<p><a href=\"https:\/\/santemc.quebec\/icentre\/?attachment_id=2614\" rel=\"attachment wp-att-2614\"><img decoding=\"async\" loading=\"lazy\" class=\"alignleft size-medium wp-image-2614\" src=\"http:\/\/santemc.quebec\/santemc\/icentre\/wp-content\/uploads\/2016\/06\/DSM-300x144.jpg\" alt=\"DSM\" width=\"300\" height=\"144\" srcset=\"https:\/\/santemc.quebec\/santemc\/icentre\/wp-content\/uploads\/2016\/06\/DSM-300x144.jpg 300w, https:\/\/santemc.quebec\/santemc\/icentre\/wp-content\/uploads\/2016\/06\/DSM-500x240.jpg 500w, https:\/\/santemc.quebec\/santemc\/icentre\/wp-content\/uploads\/2016\/06\/DSM.jpg 651w\" sizes=\"(max-width: 300px) 100vw, 300px\" \/><\/a>La semaine derni\u00e8re avait lieu le lancement des communaut\u00e9s de pratique du R\u00e9seau int\u00e9gr\u00e9 de soutien \u00e0 la pratique professionnelle (RISPP) de la direction des services multidisciplinaires (DSM). \u00a0Les\u00a0trois journ\u00e9es de rencontres\u00a0\u00e9taient\u00a0destin\u00e9es aux professionnels membres du conseil multidisciplinaire (CM) du CISSS de la Mont\u00e9r\u00e9gie-Centre ayant un r\u00f4le de soutien clinique \u00e0 l\u2019int\u00e9rieur de leurs \u00e9quipes.<!--more--><\/p>\n<p>Mardi le 14 juin, la communaut\u00e9 de pratique du volet Plateaux techniques a rassembl\u00e9 34 professionnels, \u00e0 l\u2019H\u00f4pital Charles-Le Moyne (HCLM). Ceux-ci provenaient principalement des laboratoires et de l\u2019imagerie m\u00e9dicale de HCLM et de l\u2019H\u00f4pital du Haut-Richelieu (HHR), mais \u00e9galement du groupe de g\u00e9nie biom\u00e9dicale et de l\u2019Institut Nazareth-Louis-Braille (INLB).<\/p>\n<p>Mercredi le 15 juin, a suivi la communaut\u00e9 de pratique du volet R\u00e9adaptation-Nutrition clinique, au CLSC Vall\u00e9e-des-Forts, qui a rassembl\u00e9 24 professionnels provenant du RLS-Champlain, du RLS-du Haut-Richelieu-Rouville et de l\u2019INLB.<\/p>\n<p>Jeudi le 16 juin, la communaut\u00e9 de pratique du volet Psychosocial a rassembl\u00e9 33 professionnels provenant des 2 RLS et de l\u2019INLB, au CLSC Samuel-de-Champlain.<\/p>\n<p>Les rencontres ont d\u00e9but\u00e9 par une pr\u00e9sentation faite par Mme Lyne Marquis, directrice des services multidisciplinaires et Mme Brigitte Brabant, directrice adjointe des services multidisciplinaires, d\u00e9finissant le r\u00f4le jou\u00e9 par la DSM dans le soutien clinique. L\u2019objectif des communaut\u00e9s de pratique RISPP-DSM, est de soutenir les intervenants qui ont la responsabilit\u00e9 d\u2019offrir du soutien clinique \u00e0 leur \u00e9quipe en facilitant la communication, l\u2019\u00e9change sur les meilleures pratiques et la construction de connaissances communes.<\/p>\n<p>Un court atelier de travail a permis aux participants divis\u00e9s en \u00e9quipes de 6, de partager leurs pr\u00e9occupations face \u00e0 leur client\u00e8le, leur \u00e9quipe et leur r\u00f4le de soutien ainsi que de pr\u00e9ciser certains besoins qui en d\u00e9coulent. Cela dans le cadre des aspects cliniques du mandat de la DSM\u00a0: enseignement et recherche, suivi et d\u00e9veloppement de la pratique, performance et organisation du travail, qualit\u00e9 et agr\u00e9ment, interdisciplinarit\u00e9, promotion de la sant\u00e9 et exp\u00e9rience-patient.<\/p>\n<p>En g\u00e9n\u00e9ral, les participants se sont dits satisfaits des rencontres. Ils se montrent ouverts \u00e0 poursuivre l\u2019exp\u00e9rience des communaut\u00e9s de pratique et souhaitent avoir l\u2019opportunit\u00e9 de travailler avec leurs vis-\u00e0-vis de chaque RLS du CISSS de la Mont\u00e9r\u00e9gie-Centre.<\/p>\n<p>Mentionnons aussi que \u00a0le 2 juin dernier, avait lieu la premi\u00e8re rencontre du consortium des directeurs adjoints, co-anim\u00e9e par Mme Brabant et par Mme Nancy Beaulieu, \u00a0directrice adjointe des soins infirmiers responsables du volet qualit\u00e9 et de l\u2019\u00e9volution de la pratique. Ce regroupement assure la continuit\u00e9 et la pertinence des travaux des communaut\u00e9s de pratique du RISPP. D\u2019ailleurs, les communaut\u00e9s de pratique de la DSI auront leur premi\u00e8re rencontre en septembre. Il s\u2019agit de la communaut\u00e9 de pratique courte dur\u00e9e HHR, celle de courte dur\u00e9e HCLM, la communaut\u00e9 de pratique soins critiques CISSS de la Mont\u00e9r\u00e9gie-Centre et celle de soutien \u00e0 l\u2019autonomie des personnes \u00e2g\u00e9es du CISSS de la Mont\u00e9r\u00e9gie-Centre.<\/p>\n<p>Le RISPP est donc bien lanc\u00e9 et les activit\u00e9s vont reprendre \u00e0 l\u2019automne. Le premier th\u00e8me abord\u00e9 r\u00e9pondra \u00e0 un besoin clairement exprim\u00e9 par les membres des communaut\u00e9s\u00a0: la performance en lien avec la qualit\u00e9 des pratiques professionnelles. La performance est la somme de la qualit\u00e9 et de l\u2019efficience, mais comment cela se traduit-il dans nos diff\u00e9rents services? \u00c0 suivre en septembre.<\/p>\n<p>&nbsp;<\/p>\n","protected":false},"excerpt":{"rendered":"<p>La semaine derni\u00e8re avait lieu le lancement des communaut\u00e9s de pratique du R\u00e9seau int\u00e9gr\u00e9 de soutien \u00e0 la pratique professionnelle (RISPP) de la direction des services multidisciplinaires (DSM). \u00a0Les\u00a0trois journ\u00e9es de rencontres\u00a0\u00e9taient\u00a0destin\u00e9es aux professionnels membres du conseil multidisciplinaire (CM) du &hellip; <a href=\"https:\/\/santemc.quebec\/icentre\/lancement-des-communautes-de-pratique-du-reseau-integre-de-soutien-a-la-pratique-professionnelle-de-la-direction-des-services-multidisciplinaires\/\">Continuer la lecture <span class=\"meta-nav\">&rarr;<\/span><\/a><\/p>\n","protected":false},"author":1,"featured_media":0,"comment_status":"open","ping_status":"closed","sticky":false,"template":"","format":"standard","meta":{"footnotes":""},"categories":[1],"tags":[],"_links":{"self":[{"href":"https:\/\/santemc.quebec\/icentre\/wp-json\/wp\/v2\/posts\/2613"}],"collection":[{"href":"https:\/\/santemc.quebec\/icentre\/wp-json\/wp\/v2\/posts"}],"about":[{"href":"https:\/\/santemc.quebec\/icentre\/wp-json\/wp\/v2\/types\/post"}],"author":[{"embeddable":true,"href":"https:\/\/santemc.quebec\/icentre\/wp-json\/wp\/v2\/users\/1"}],"replies":[{"embeddable":true,"href":"https:\/\/santemc.quebec\/icentre\/wp-json\/wp\/v2\/comments?post=2613"}],"version-history":[{"count":4,"href":"https:\/\/santemc.quebec\/icentre\/wp-json\/wp\/v2\/posts\/2613\/revisions"}],"predecessor-version":[{"id":2625,"href":"https:\/\/santemc.quebec\/icentre\/wp-json\/wp\/v2\/posts\/2613\/revisions\/2625"}],"wp:attachment":[{"href":"https:\/\/santemc.quebec\/icentre\/wp-json\/wp\/v2\/media?parent=2613"}],"wp:term":[{"taxonomy":"category","embeddable":true,"href":"https:\/\/santemc.quebec\/icentre\/wp-json\/wp\/v2\/categories?post=2613"},{"taxonomy":"post_tag","embeddable":true,"href":"https:\/\/santemc.quebec\/icentre\/wp-json\/wp\/v2\/tags?post=2613"}],"curies":[{"name":"wp","href":"https:\/\/api.w.org\/{rel}","templated":true}]}}