{"id":2627,"date":"2016-06-28T08:46:27","date_gmt":"2016-06-28T12:46:27","guid":{"rendered":"http:\/\/santemc.quebec\/icentre\/?p=2627"},"modified":"2016-06-28T08:46:27","modified_gmt":"2016-06-28T12:46:27","slug":"depart-de-la-directrice-des-services-professionnels","status":"publish","type":"post","link":"https:\/\/santemc.quebec\/icentre\/depart-de-la-directrice-des-services-professionnels\/","title":{"rendered":"D\u00e9part de la directrice des services professionnels"},"content":{"rendered":"<p>Bonjour,<\/p>\n<p>C\u2019est avec regret que nous vous annon\u00e7ons le d\u00e9part prochain de docteure Sylvie Tardif, directrice des services professionnels du CISSS de la Mont\u00e9r\u00e9gie-Centre. M\u00e9decin sp\u00e9cialiste en oto-rhino-laryngologie (ORL), Dre Tardif d\u00e9sire consacrer plus de temps \u00e0 sa pratique m\u00e9dicale. Elle quittera ses fonctions le 22 juillet 2016.<!--more--><\/p>\n<p>Gr\u00e2ce \u00e0 son expertise et \u00e0 sa vision ax\u00e9e sur le service \u00e0 la client\u00e8le, Dre Tardif a fait avancer plusieurs dossiers prioritaires au sein de notre organisation. Tout au long de la derni\u00e8re ann\u00e9e, nous avons pu b\u00e9n\u00e9ficier de ses grandes habilet\u00e9s strat\u00e9giques, de son sens du devoir et de son r\u00e9el d\u00e9sir d\u2019am\u00e9liorer les soins et services \u00e0 la population.<\/p>\n<p>En mon nom personnel, au nom des membres du conseil d\u2019administration, du comit\u00e9 de direction, des m\u00e9decins et du personnel du CISSS de la Mont\u00e9r\u00e9gie-Centre, je tiens \u00e0 remercier sinc\u00e8rement Dre Tardif d\u2019avoir contribu\u00e9 au d\u00e9veloppement de notre \u00e9tablissement et je lui souhaite tout le succ\u00e8s voulu dans la poursuite de sa carri\u00e8re.<\/p>\n<p>&nbsp;<\/p>\n<p>Richard Deschamps<br \/>\nPr\u00e9sident-directeur g\u00e9n\u00e9ral<\/p>\n<p>&nbsp;<\/p>\n","protected":false},"excerpt":{"rendered":"<p>Bonjour, C\u2019est avec regret que nous vous annon\u00e7ons le d\u00e9part prochain de docteure Sylvie Tardif, directrice des services professionnels du CISSS de la Mont\u00e9r\u00e9gie-Centre. M\u00e9decin sp\u00e9cialiste en oto-rhino-laryngologie (ORL), Dre Tardif d\u00e9sire consacrer plus de temps \u00e0 sa pratique m\u00e9dicale. &hellip; <a href=\"https:\/\/santemc.quebec\/icentre\/depart-de-la-directrice-des-services-professionnels\/\">Continuer la lecture <span class=\"meta-nav\">&rarr;<\/span><\/a><\/p>\n","protected":false},"author":1,"featured_media":0,"comment_status":"open","ping_status":"closed","sticky":false,"template":"","format":"standard","meta":{"footnotes":""},"categories":[1],"tags":[],"_links":{"self":[{"href":"https:\/\/santemc.quebec\/icentre\/wp-json\/wp\/v2\/posts\/2627"}],"collection":[{"href":"https:\/\/santemc.quebec\/icentre\/wp-json\/wp\/v2\/posts"}],"about":[{"href":"https:\/\/santemc.quebec\/icentre\/wp-json\/wp\/v2\/types\/post"}],"author":[{"embeddable":true,"href":"https:\/\/santemc.quebec\/icentre\/wp-json\/wp\/v2\/users\/1"}],"replies":[{"embeddable":true,"href":"https:\/\/santemc.quebec\/icentre\/wp-json\/wp\/v2\/comments?post=2627"}],"version-history":[{"count":1,"href":"https:\/\/santemc.quebec\/icentre\/wp-json\/wp\/v2\/posts\/2627\/revisions"}],"predecessor-version":[{"id":2628,"href":"https:\/\/santemc.quebec\/icentre\/wp-json\/wp\/v2\/posts\/2627\/revisions\/2628"}],"wp:attachment":[{"href":"https:\/\/santemc.quebec\/icentre\/wp-json\/wp\/v2\/media?parent=2627"}],"wp:term":[{"taxonomy":"category","embeddable":true,"href":"https:\/\/santemc.quebec\/icentre\/wp-json\/wp\/v2\/categories?post=2627"},{"taxonomy":"post_tag","embeddable":true,"href":"https:\/\/santemc.quebec\/icentre\/wp-json\/wp\/v2\/tags?post=2627"}],"curies":[{"name":"wp","href":"https:\/\/api.w.org\/{rel}","templated":true}]}}