{"id":2632,"date":"2016-06-29T08:50:29","date_gmt":"2016-06-29T12:50:29","guid":{"rendered":"http:\/\/santemc.quebec\/icentre\/?p=2632"},"modified":"2016-07-04T15:11:13","modified_gmt":"2016-07-04T19:11:13","slug":"nomination-du-directeur-des-services-professionnels-par-interim","status":"publish","type":"post","link":"https:\/\/santemc.quebec\/icentre\/nomination-du-directeur-des-services-professionnels-par-interim\/","title":{"rendered":"Nomination du directeur des services professionnels par int\u00e9rim"},"content":{"rendered":"<p>Bonjour,<\/p>\n<p>Suivant l\u2019annonce du d\u00e9part de docteure Sylvie Tardif, il me fait plaisir de vous annoncer la nomination de docteur Jean Rodrigue \u00e0 titre de directeur des services professionnels par int\u00e9rim au CISSS de la Mont\u00e9r\u00e9gie-Centre \u00e0 compter du 22 juillet 2016.<!--more--><\/p>\n<p>Docteur Rodrigue, qui compl\u00e9tait un int\u00e9rim au poste de directeur de la sant\u00e9 publique pour notre organisation, continuera \u00e9galement d\u2019agir \u00e0 titre de co-directeur m\u00e9dical r\u00e9gional pour l\u2019implantation du projet Optilab aupr\u00e8s de Mme Lyne Marquis, directrice des services multidisciplinaires et responsable de ce dossier r\u00e9gional.<\/p>\n<p>Rappelons que docteur Rodrigue, m\u00e9decin omnipraticien de formation, d\u00e9tient aussi une ma\u00eetrise en sant\u00e9 communautaire de l\u2019Universit\u00e9 de Montr\u00e9al. Reconnu pour sa vision strat\u00e9gique, son leadership mobilisateur et sa grande expertise tant clinique qu\u2019administrative, il a pratiqu\u00e9 la m\u00e9decine familiale pendant de nombreuses ann\u00e9es et a assum\u00e9 divers postes de gestion dans le r\u00e9seau de la sant\u00e9 et des services sociaux. Son parcours professionnel l\u2019a \u00e9galement amen\u00e9 \u00e0 occuper les fonctions de sous-ministre adjoint \u00e0 la Direction g\u00e9n\u00e9rale des services de sant\u00e9 et m\u00e9decine universitaire du MSSS. Jusqu\u2019\u00e0 cette nomination, docteur Rodrigue occupait les fonctions de directeur de la sant\u00e9 publique par int\u00e9rim dans notre organisation. Docteur Rodrigue est \u00e9galement r\u00e9cipiendaire du prestigieux Prix d\u2019excellence Persillier-Lachapelle 2016 d\u00e9cern\u00e9 par le MSSS en reconnaissance de son parcours professionnel exemplaire.<\/p>\n<p>Je remercie donc chaleureusement docteur Rodrigue pour son engagement et sa collaboration dans ses mandats actuels et nouveaux, et lui souhaite tout le succ\u00e8s voulu dans la poursuite de ses activit\u00e9s professionnelles.<\/p>\n<p>Richard Deschamps,<br \/>\nPr\u00e9sident-directeur g\u00e9n\u00e9ral<\/p>\n<p>&nbsp;<\/p>\n","protected":false},"excerpt":{"rendered":"<p>Bonjour, Suivant l\u2019annonce du d\u00e9part de docteure Sylvie Tardif, il me fait plaisir de vous annoncer la nomination de docteur Jean Rodrigue \u00e0 titre de directeur des services professionnels par int\u00e9rim au CISSS de la Mont\u00e9r\u00e9gie-Centre \u00e0 compter du 22 &hellip; <a href=\"https:\/\/santemc.quebec\/icentre\/nomination-du-directeur-des-services-professionnels-par-interim\/\">Continuer la lecture <span class=\"meta-nav\">&rarr;<\/span><\/a><\/p>\n","protected":false},"author":1,"featured_media":0,"comment_status":"open","ping_status":"closed","sticky":false,"template":"","format":"standard","meta":{"footnotes":""},"categories":[1],"tags":[8],"_links":{"self":[{"href":"https:\/\/santemc.quebec\/icentre\/wp-json\/wp\/v2\/posts\/2632"}],"collection":[{"href":"https:\/\/santemc.quebec\/icentre\/wp-json\/wp\/v2\/posts"}],"about":[{"href":"https:\/\/santemc.quebec\/icentre\/wp-json\/wp\/v2\/types\/post"}],"author":[{"embeddable":true,"href":"https:\/\/santemc.quebec\/icentre\/wp-json\/wp\/v2\/users\/1"}],"replies":[{"embeddable":true,"href":"https:\/\/santemc.quebec\/icentre\/wp-json\/wp\/v2\/comments?post=2632"}],"version-history":[{"count":1,"href":"https:\/\/santemc.quebec\/icentre\/wp-json\/wp\/v2\/posts\/2632\/revisions"}],"predecessor-version":[{"id":2633,"href":"https:\/\/santemc.quebec\/icentre\/wp-json\/wp\/v2\/posts\/2632\/revisions\/2633"}],"wp:attachment":[{"href":"https:\/\/santemc.quebec\/icentre\/wp-json\/wp\/v2\/media?parent=2632"}],"wp:term":[{"taxonomy":"category","embeddable":true,"href":"https:\/\/santemc.quebec\/icentre\/wp-json\/wp\/v2\/categories?post=2632"},{"taxonomy":"post_tag","embeddable":true,"href":"https:\/\/santemc.quebec\/icentre\/wp-json\/wp\/v2\/tags?post=2632"}],"curies":[{"name":"wp","href":"https:\/\/api.w.org\/{rel}","templated":true}]}}