{"id":2634,"date":"2016-06-29T15:38:53","date_gmt":"2016-06-29T19:38:53","guid":{"rendered":"http:\/\/santemc.quebec\/icentre\/?p=2634"},"modified":"2016-06-29T15:38:53","modified_gmt":"2016-06-29T19:38:53","slug":"le-projet-optilab-en-monteregie-prend-forme","status":"publish","type":"post","link":"https:\/\/santemc.quebec\/icentre\/le-projet-optilab-en-monteregie-prend-forme\/","title":{"rendered":"Le projet Optilab en Mont\u00e9r\u00e9gie prend forme"},"content":{"rendered":"<p>Bonjour,<\/p>\n<p>Le Minist\u00e8re de la Sant\u00e9 et des Services sociaux (MSSS) a instaur\u00e9 une orientation nationale visant \u00e0 doter le Qu\u00e9bec de laboratoires de biologie m\u00e9dicale capables de r\u00e9pondre avec plus d\u2019efficience aux besoins actuels et futurs de la population. Cette orientation se traduit concr\u00e8tement \u00e0 travers le projet Optilab. Ce mod\u00e8le d\u2019optimisation des services est bas\u00e9 sur le regroupement des laboratoires en grappes de services.<!--more--><\/p>\n<p><strong>Le projet Optilab en Mont\u00e9r\u00e9gie<br \/>\n<\/strong>Au sein de la Mont\u00e9r\u00e9gie, les grappes de services seront organis\u00e9es de la fa\u00e7on suivante\u00a0: un laboratoire dit \u00ab serveur \u00bb hautement \u00e9quip\u00e9, situ\u00e9 \u00e0 l\u2019H\u00f4pital Charles Le Moyne, r\u00e9alisera un grand pourcentage des analyses du territoire. Les autres laboratoires de la r\u00e9gion dits \u00ab associ\u00e9s\u00a0\u00bb produiront quant \u00e0 eux localement les analyses n\u00e9cessitant un court d\u00e9lai de r\u00e9ponse.<\/p>\n<p>Il est pr\u00e9vu que le projet s\u2019\u00e9chelonne sur une p\u00e9riode d\u2019environ cinq ans et il se divise en deux phases. Une premi\u00e8re phase de planification et d\u2019organisation (mars 2016 \u00e0 juin 2018) vise entre autres \u00e0 mettre en place les conditions pr\u00e9alables du projet sur divers volets\u00a0: humain, besoins cliniques, s\u00e9curit\u00e9, informatique, logistique et financier. La r\u00e9alisation du projet s\u2019effectuera dans la seconde phase (juin 2018 \u00e0 d\u00e9cembre 2021) et comprendra, notamment, l\u2019harmonisation des pratiques, l\u2019\u00e9laboration de sc\u00e9narios de transferts d\u2019activit\u00e9s et de ressources, et finalement l\u2019implantation du projet.<\/p>\n<p><strong>Jusqu\u2019\u00e0 maintenant\u2026<br \/>\n<\/strong>\u00c0 ce jour, une structure de gouvernance comprenant des membres des trois CISSS de la Mont\u00e9r\u00e9gie a \u00e9t\u00e9 mise en place afin d\u2019assurer la mise en \u0153uvre du projet et la coordination des diff\u00e9rents comit\u00e9s. Aussi, Mme Lyne Marquis, directrice des services multidisciplinaires au CISSS de la Mont\u00e9r\u00e9gie-Centre a \u00e9t\u00e9 nomm\u00e9e directrice r\u00e9gionale du projet et Dr Jean Rodrigue, directeur de la sant\u00e9 publique de la Mont\u00e9r\u00e9gie par int\u00e9rim et adjoint m\u00e9dical \u00e0 la premi\u00e8re ligne du CISSS de la Mont\u00e9r\u00e9gie-Centre a quant \u00e0 lui \u00e9t\u00e9 nomm\u00e9 directeur m\u00e9dical du projet Optilab pour la Mont\u00e9r\u00e9gie.<\/p>\n<p>Au cours du printemps, plus de 200 membres du personnel et plusieurs m\u00e9decins des huit laboratoires de la Mont\u00e9r\u00e9gie ont \u00e9t\u00e9 rencontr\u00e9s. Ces rencontres ont permis de faire le point sur le projet, d\u2019expliquer la gouverne et de discuter des diff\u00e9rents enjeux. Le personnel et les m\u00e9decins sur place ont pu faire part de leurs pr\u00e9occupations notamment quant \u00e0 la conservation et au transport des \u00e9chantillons, les d\u00e9lais de sortie des r\u00e9sultats, les nouvelles pratiques, l\u2019informatique, le d\u00e9placement de la main-d\u2019\u0153uvre ainsi que la perte d\u2019expertise pour les laboratoires associ\u00e9s. Les diff\u00e9rents comit\u00e9s de travail tiendront compte de ces pr\u00e9occupations afin d\u2019assurer la mise en place de conditions pr\u00e9alables assurant la qualit\u00e9 et la s\u00e9curit\u00e9 des patients dans le cadre de l\u2019implantation du projet.<\/p>\n<p><strong>Les prochaines \u00e9tapes<br \/>\n<\/strong>Durant la p\u00e9riode estivale, un plan de communication et de gestion du changement sera finalis\u00e9. D\u2019ailleurs, divers moyens seront mis en place dans les prochains mois afin d\u2019assurer une communication r\u00e9guli\u00e8re avec les diff\u00e9rentes parties prenantes afin de les informer de l\u2019\u00e9volution du projet.<\/p>\n<p>Au retour de la p\u00e9riode de vacances, les diff\u00e9rents comit\u00e9s poursuivront les travaux suivants\u00a0:<\/p>\n<ul>\n<li>l\u2019analyse des besoins cliniques;<\/li>\n<li>la gestion de la qualit\u00e9 et du service \u00e0 la client\u00e8le;<\/li>\n<li>l\u2019organisation des laboratoires associ\u00e9s et du laboratoire serveur;<\/li>\n<li>la gestion du transport et de la tra\u00e7abilit\u00e9 des \u00e9chantillons pr\u00e9lev\u00e9s dans la r\u00e9gion;<\/li>\n<li>la gestion du volet informatique des laboratoires de la Mont\u00e9r\u00e9gie;<\/li>\n<li>la gestion du volet des ressources humaines.<\/li>\n<\/ul>\n<p>Soyez assur\u00e9s que nous vous tiendrons inform\u00e9s de l\u2019\u00e9volution de ce projet.<\/p>\n<p>Richard Deschamps, PDG du CISSS de la Mont\u00e9r\u00e9gie-Centre\u00a0\u00a0\u00a0\u00a0\u00a0\u00a0\u00a0\u00a0\u00a0\u00a0\u00a0\u00a0\u00a0\u00a0\u00a0\u00a0\u00a0\u00a0\u00a0\u00a0\u00a0\u00a0\u00a0\u00a0\u00a0\u00a0\u00a0\u00a0\u00a0\u00a0\u00a0\u00a0\u00a0\u00a0\u00a0 Louise Potvin, PDG du CISSS de la Mont\u00e9r\u00e9gie-Est<br \/>\nYves Masse, PDG du CISSS de la Mont\u00e9r\u00e9gie-Ouest<\/p>\n<p>&nbsp;<\/p>\n","protected":false},"excerpt":{"rendered":"<p>Bonjour, Le Minist\u00e8re de la Sant\u00e9 et des Services sociaux (MSSS) a instaur\u00e9 une orientation nationale visant \u00e0 doter le Qu\u00e9bec de laboratoires de biologie m\u00e9dicale capables de r\u00e9pondre avec plus d\u2019efficience aux besoins actuels et futurs de la population. &hellip; <a href=\"https:\/\/santemc.quebec\/icentre\/le-projet-optilab-en-monteregie-prend-forme\/\">Continuer la lecture <span class=\"meta-nav\">&rarr;<\/span><\/a><\/p>\n","protected":false},"author":1,"featured_media":0,"comment_status":"open","ping_status":"closed","sticky":false,"template":"","format":"standard","meta":{"footnotes":""},"categories":[1],"tags":[],"_links":{"self":[{"href":"https:\/\/santemc.quebec\/icentre\/wp-json\/wp\/v2\/posts\/2634"}],"collection":[{"href":"https:\/\/santemc.quebec\/icentre\/wp-json\/wp\/v2\/posts"}],"about":[{"href":"https:\/\/santemc.quebec\/icentre\/wp-json\/wp\/v2\/types\/post"}],"author":[{"embeddable":true,"href":"https:\/\/santemc.quebec\/icentre\/wp-json\/wp\/v2\/users\/1"}],"replies":[{"embeddable":true,"href":"https:\/\/santemc.quebec\/icentre\/wp-json\/wp\/v2\/comments?post=2634"}],"version-history":[{"count":1,"href":"https:\/\/santemc.quebec\/icentre\/wp-json\/wp\/v2\/posts\/2634\/revisions"}],"predecessor-version":[{"id":2635,"href":"https:\/\/santemc.quebec\/icentre\/wp-json\/wp\/v2\/posts\/2634\/revisions\/2635"}],"wp:attachment":[{"href":"https:\/\/santemc.quebec\/icentre\/wp-json\/wp\/v2\/media?parent=2634"}],"wp:term":[{"taxonomy":"category","embeddable":true,"href":"https:\/\/santemc.quebec\/icentre\/wp-json\/wp\/v2\/categories?post=2634"},{"taxonomy":"post_tag","embeddable":true,"href":"https:\/\/santemc.quebec\/icentre\/wp-json\/wp\/v2\/tags?post=2634"}],"curies":[{"name":"wp","href":"https:\/\/api.w.org\/{rel}","templated":true}]}}