{"id":2650,"date":"2016-06-30T10:59:20","date_gmt":"2016-06-30T14:59:20","guid":{"rendered":"http:\/\/santemc.quebec\/icentre\/?p=2650"},"modified":"2016-06-30T16:30:00","modified_gmt":"2016-06-30T20:30:00","slug":"2650","status":"publish","type":"post","link":"https:\/\/santemc.quebec\/icentre\/2650\/","title":{"rendered":"D\u00e9g\u00e2ts d\u2019eau au CLSC du Richelieu ainsi qu\u2019\u00e0 la Maison de naissance du Haut-Richelieu-Rouville"},"content":{"rendered":"<p>Bonjour,<\/p>\n<p>En fin d\u2019apr\u00e8s-midi mardi, d\u2019importantes pluies ont caus\u00e9 des d\u00e9g\u00e2ts d\u2019eau dans certains\u00a0secteurs du CLSC du Richelieu ainsi qu\u2019\u00e0 la Maison de naissance du Haut-Richelieu-Rouville.<!--more--><\/p>\n<p><strong>Les secteurs touch\u00e9s sont :<\/strong><\/p>\n<ul>\n<li>Au CLSC du Richelieu : la section Nord du rez-de-chauss\u00e9e de l\u2019\u00e9difice, soit le secteur Enfance-famille-jeunesse, est ferm\u00e9e et aucun membre du personnel ou usager ne peut y circuler. La salle de repos et le vestiaire sont \u00e9galement ferm\u00e9s. L\u2019accueil, la salle d\u2019attente principale ainsi que le centre de pr\u00e9l\u00e8vement ne sont toutefois pas affect\u00e9s et demeurent accessibles, tout comme le deuxi\u00e8me \u00e9tage.<\/li>\n<li>\u00c0 la Maison de naissance : l\u2019installation situ\u00e9e au 700 rue Martel \u00e0 Richelieu est \u00e9galement affect\u00e9e par un d\u00e9g\u00e2t d\u2019eau qui touche le secteur des chambres de naissance. La r\u00e9ception et les salles de consultations sont accessibles. Info-Sant\u00e9 et Info-Social a \u00e9galement \u00e9t\u00e9 touch\u00e9, mais le personnel peut tout de m\u00eame acc\u00e9der \u00e0 ses bureaux. Le 2e \u00e9tage de l\u2019\u00e9difice n\u2019a pas subi de dommages.<\/li>\n<\/ul>\n<p>Toutes les mesures ont \u00e9t\u00e9 prises pour assurer la s\u00e9curit\u00e9 des lieux autant pour le personnel que pour la client\u00e8le. Une firme externe de nettoyage sp\u00e9cialis\u00e9e a d\u00e9but\u00e9 son travail hier et l\u2019\u00e9quipe des Services techniques, en collaboration avec le secteur de la\u00a0pr\u00e9vention et le contr\u00f4le des infections et les \u00e9quipes cliniques, \u00e9value en ce moment\u00a0les dommages et le temps n\u00e9cessaire avant un retour \u00e0 la normale.<\/p>\n<p><strong>Services \u00e0 la client\u00e8le maintenus, mais d\u00e9plac\u00e9s<\/strong><br \/>\n\u00c0 ce jour, tous les services sont maintenus. La client\u00e8le du secteur Enfance-famille jeunesse\u00a0est redirig\u00e9e vers d\u2019autres locaux au 2e \u00e9tage du CLSC du Richelieu.<\/p>\n<p>\u00c0 la Maison de naissance, les consultations pr\u00e9natales et postnatales ont toujours lieu dans les locaux. Toutefois les femmes enceintes qui doivent accoucher bient\u00f4t ont \u00e9t\u00e9 avis\u00e9es de la fermeture des chambres de naissances et des alternatives leurs ont \u00e9t\u00e9 propos\u00e9es.<\/p>\n<p>Nous vous remercions de votre collaboration et soyez assur\u00e9s que nous vous tiendrons inform\u00e9s des prochaines \u00e9tapes dans ce dossier.<\/p>\n<p>Julie Goudreau<br \/>\nDirectrice du programme jeunesse<\/p>\n","protected":false},"excerpt":{"rendered":"<p>Bonjour, En fin d\u2019apr\u00e8s-midi mardi, d\u2019importantes pluies ont caus\u00e9 des d\u00e9g\u00e2ts d\u2019eau dans certains\u00a0secteurs du CLSC du Richelieu ainsi qu\u2019\u00e0 la Maison de naissance du Haut-Richelieu-Rouville.<\/p>\n","protected":false},"author":1,"featured_media":0,"comment_status":"open","ping_status":"closed","sticky":false,"template":"","format":"standard","meta":{"footnotes":""},"categories":[1],"tags":[],"_links":{"self":[{"href":"https:\/\/santemc.quebec\/icentre\/wp-json\/wp\/v2\/posts\/2650"}],"collection":[{"href":"https:\/\/santemc.quebec\/icentre\/wp-json\/wp\/v2\/posts"}],"about":[{"href":"https:\/\/santemc.quebec\/icentre\/wp-json\/wp\/v2\/types\/post"}],"author":[{"embeddable":true,"href":"https:\/\/santemc.quebec\/icentre\/wp-json\/wp\/v2\/users\/1"}],"replies":[{"embeddable":true,"href":"https:\/\/santemc.quebec\/icentre\/wp-json\/wp\/v2\/comments?post=2650"}],"version-history":[{"count":4,"href":"https:\/\/santemc.quebec\/icentre\/wp-json\/wp\/v2\/posts\/2650\/revisions"}],"predecessor-version":[{"id":2654,"href":"https:\/\/santemc.quebec\/icentre\/wp-json\/wp\/v2\/posts\/2650\/revisions\/2654"}],"wp:attachment":[{"href":"https:\/\/santemc.quebec\/icentre\/wp-json\/wp\/v2\/media?parent=2650"}],"wp:term":[{"taxonomy":"category","embeddable":true,"href":"https:\/\/santemc.quebec\/icentre\/wp-json\/wp\/v2\/categories?post=2650"},{"taxonomy":"post_tag","embeddable":true,"href":"https:\/\/santemc.quebec\/icentre\/wp-json\/wp\/v2\/tags?post=2650"}],"curies":[{"name":"wp","href":"https:\/\/api.w.org\/{rel}","templated":true}]}}