{"id":275,"date":"2015-05-08T16:23:39","date_gmt":"2015-05-08T20:23:39","guid":{"rendered":"http:\/\/santemc.quebec\/icentre\/?p=275"},"modified":"2015-05-26T11:25:06","modified_gmt":"2015-05-26T15:25:06","slug":"nomination-de-la-directrice-adjointe-communications-enseignement-non-universitaire-et-projets-speciaux","status":"publish","type":"post","link":"https:\/\/santemc.quebec\/icentre\/nomination-de-la-directrice-adjointe-communications-enseignement-non-universitaire-et-projets-speciaux\/","title":{"rendered":"Nomination de la directrice adjointe communications, enseignement non universitaire et projets sp\u00e9ciaux"},"content":{"rendered":"<p>C\u2019est avec plaisir que je vous annonce la nomination de madame Sylvie Gr\u00e9goire au poste de directrice adjointe communications, enseignement non universitaire et projets sp\u00e9ciaux pour le CISSS de la Mont\u00e9r\u00e9gie-Centre. Madame Gr\u00e9goire, qui a un baccalaur\u00e9at en communication publique ainsi qu\u2019une ma\u00eetrise en administration publique oeuvre dans le r\u00e9seau de la sant\u00e9 et des services sociaux depuis plus de 20 ans, dont une quinzaine d\u2019ann\u00e9es dans des fonctions d\u2019encadrement. Jusqu\u2019\u00e0 sa nomination, elle \u00e9tait directrice des communications et des affaires publiques et directrice locale de sant\u00e9 publique au Centre de sant\u00e9 et de services sociaux Haut-Richelieu \u2013 Rouville. Auparavant, elle a notamment \u00e9t\u00e9 adjointe \u00e0 la direction g\u00e9n\u00e9rale, communications et relations avec la client\u00e8le aux CLSC et CHSLD Champagnat de la Vall\u00e9e-des-Forts.<!--more--><\/p>\n<p>Madame Gr\u00e9goire est reconnue pour son expertise au coeur des grands dossiers strat\u00e9giques, son exp\u00e9rience de fusion d\u2019\u00e9tablissements et ses habilet\u00e9s \u00e0 d\u00e9velopper des partenariats significatifs. Elle a notamment implant\u00e9 une direction des communications et des affaires publiques, et a particip\u00e9 activement \u00e0 la mise en oeuvre et au d\u00e9ploiement d\u2019une culture d\u2019am\u00e9lioration continue. Elle a dirig\u00e9 une d\u00e9marche de positionnement strat\u00e9gique et a d\u00e9velopp\u00e9 un grand nombre de plans de communication vari\u00e9s, incluant les contextes de gestion de crises et des mesures d\u2019urgence. D\u2019autre part, elle a dirig\u00e9 diverses campagnes publiques d\u2019information d\u2019envergure et a \u00e9galement supervis\u00e9 le d\u00e9veloppement de sites intranet et Internet en plus d\u2019organiser divers \u00e9v\u00e9nements publics.<\/p>\n<p>Passionn\u00e9e des communications, elle est \u00e0 l\u2019aff\u00fbt des nouveaut\u00e9s et met ses connaissances au profit de la communaut\u00e9 en participant aux conseils d\u2019administration de diverses organisations. Elle a \u00e0 coeur le service public, et ses actions sont toujours ax\u00e9es sur l\u2019int\u00e9r\u00eat de la population et dans le respect des meilleures pratiques.<\/p>\n<p>Nous sommes tr\u00e8s heureux qu\u2019elle se joigne \u00e0 l\u2019\u00e9quipe de direction du CISSS de la Mont\u00e9r\u00e9gie-Centre et nous lui souhaitons la meilleure des chances dans l\u2019exercice de ses nouvelles fonctions et tout le succ\u00e8s voulu dans la poursuite de sa carri\u00e8re.<\/p>\n","protected":false},"excerpt":{"rendered":"<p>C\u2019est avec plaisir que je vous annonce la nomination de madame Sylvie Gr\u00e9goire au poste de directrice adjointe communications, enseignement non universitaire et projets sp\u00e9ciaux pour le CISSS de la Mont\u00e9r\u00e9gie-Centre. Madame Gr\u00e9goire, qui a un baccalaur\u00e9at en communication publique &hellip; <a href=\"https:\/\/santemc.quebec\/icentre\/nomination-de-la-directrice-adjointe-communications-enseignement-non-universitaire-et-projets-speciaux\/\">Continuer la lecture <span class=\"meta-nav\">&rarr;<\/span><\/a><\/p>\n","protected":false},"author":1,"featured_media":0,"comment_status":"open","ping_status":"closed","sticky":false,"template":"","format":"standard","meta":{"footnotes":""},"categories":[2],"tags":[8],"_links":{"self":[{"href":"https:\/\/santemc.quebec\/icentre\/wp-json\/wp\/v2\/posts\/275"}],"collection":[{"href":"https:\/\/santemc.quebec\/icentre\/wp-json\/wp\/v2\/posts"}],"about":[{"href":"https:\/\/santemc.quebec\/icentre\/wp-json\/wp\/v2\/types\/post"}],"author":[{"embeddable":true,"href":"https:\/\/santemc.quebec\/icentre\/wp-json\/wp\/v2\/users\/1"}],"replies":[{"embeddable":true,"href":"https:\/\/santemc.quebec\/icentre\/wp-json\/wp\/v2\/comments?post=275"}],"version-history":[{"count":1,"href":"https:\/\/santemc.quebec\/icentre\/wp-json\/wp\/v2\/posts\/275\/revisions"}],"predecessor-version":[{"id":276,"href":"https:\/\/santemc.quebec\/icentre\/wp-json\/wp\/v2\/posts\/275\/revisions\/276"}],"wp:attachment":[{"href":"https:\/\/santemc.quebec\/icentre\/wp-json\/wp\/v2\/media?parent=275"}],"wp:term":[{"taxonomy":"category","embeddable":true,"href":"https:\/\/santemc.quebec\/icentre\/wp-json\/wp\/v2\/categories?post=275"},{"taxonomy":"post_tag","embeddable":true,"href":"https:\/\/santemc.quebec\/icentre\/wp-json\/wp\/v2\/tags?post=275"}],"curies":[{"name":"wp","href":"https:\/\/api.w.org\/{rel}","templated":true}]}}