{"id":277,"date":"2015-05-01T11:37:19","date_gmt":"2015-05-01T15:37:19","guid":{"rendered":"http:\/\/santemc.quebec\/icentre\/?p=277"},"modified":"2015-05-26T11:38:58","modified_gmt":"2015-05-26T15:38:58","slug":"nomination-de-la-directrice-du-programme-jeunesse","status":"publish","type":"post","link":"https:\/\/santemc.quebec\/icentre\/nomination-de-la-directrice-du-programme-jeunesse\/","title":{"rendered":"Nomination de la Directrice du programme jeunesse"},"content":{"rendered":"<p>C\u2019est avec plaisir que je vous annonce la nomination de madame Julie Goudreau au poste de\u00a0directrice du programme jeunesse pour le CISSS de la Mont\u00e9r\u00e9gie\u2010Centre. Infirmi\u00e8re de profession,\u00a0madame Goudreau qui d\u00e9tient une solide formation universitaire en gestion des services de sant\u00e9 et\u00a0en sant\u00e9 communautaire, \u00e9tait, depuis 2005, directrice sant\u00e9 physique, chirurgie, r\u00e9adaptation,\u00a0natalit\u00e9 et p\u00e9diatrie au CSSS Haut\u2010Richelieu\u2010Rouville.<!--more--><\/p>\n<p>Plus r\u00e9cemment, elle cumulait \u00e9galement, par\u00a0int\u00e9rim, les fonctions de directrice adjointe aux affaires m\u00e9dicales et cliniques et de directrice des\u00a0services multidisciplinaires au m\u00eame \u00e9tablissement. Madame Goudreau qui oeuvre dans le r\u00e9seau de\u00a0la sant\u00e9 et des services sociaux depuis plus de 30 ans a notamment \u00e9t\u00e9 gestionnaire au bloc\u00a0op\u00e9ratoire de l\u2019H\u00f4pital de Montr\u00e9al pour enfants du Centre Universitaire de Sant\u00e9 McGill de m\u00eame<br \/>\nqu\u2019au Centre des naissances de l\u2019H\u00f4pital Royal Victoria du Centre Universitaire de Sant\u00e9 McGill.<\/p>\n<p>Tout au long de sa carri\u00e8re, madame Goudreau a r\u00e9alis\u00e9 plusieurs projets de r\u00e9organisation de\u00a0services tout en d\u00e9veloppant diff\u00e9rents programmes et continuums de soins visant l\u2019am\u00e9lioration des pratiques et des services offerts \u00e0 la client\u00e8le de 1\u00e8re et 2e ligne. R\u00e9solument centr\u00e9e sur l\u2019am\u00e9lioration\u00a0des services \u00e0 la client\u00e8le et l\u2019atteinte de r\u00e9sultats probants, madame Goudreau se d\u00e9marque par son\u00a0dynamisme, sa pers\u00e9v\u00e9rance, son souci de la client\u00e8le et ses capacit\u00e9s \u00e0 relever des d\u00e9fis d\u2019envergure.<br \/>\nNous sommes tr\u00e8s heureux qu\u2019elle se joigne \u00e0 l\u2019\u00e9quipe de direction du CISSS de la Mont\u00e9r\u00e9gie\u2010Centre\u00a0et nous lui souhaitons la meilleure des chances dans l\u2019exercice de ses nouvelles fonctions et tout le\u00a0succ\u00e8s voulu dans la poursuite de sa carri\u00e8re.<\/p>\n","protected":false},"excerpt":{"rendered":"<p>C\u2019est avec plaisir que je vous annonce la nomination de madame Julie Goudreau au poste de\u00a0directrice du programme jeunesse pour le CISSS de la Mont\u00e9r\u00e9gie\u2010Centre. Infirmi\u00e8re de profession,\u00a0madame Goudreau qui d\u00e9tient une solide formation universitaire en gestion des services de &hellip; <a href=\"https:\/\/santemc.quebec\/icentre\/nomination-de-la-directrice-du-programme-jeunesse\/\">Continuer la lecture <span class=\"meta-nav\">&rarr;<\/span><\/a><\/p>\n","protected":false},"author":1,"featured_media":0,"comment_status":"open","ping_status":"closed","sticky":false,"template":"","format":"standard","meta":{"footnotes":""},"categories":[2],"tags":[8],"_links":{"self":[{"href":"https:\/\/santemc.quebec\/icentre\/wp-json\/wp\/v2\/posts\/277"}],"collection":[{"href":"https:\/\/santemc.quebec\/icentre\/wp-json\/wp\/v2\/posts"}],"about":[{"href":"https:\/\/santemc.quebec\/icentre\/wp-json\/wp\/v2\/types\/post"}],"author":[{"embeddable":true,"href":"https:\/\/santemc.quebec\/icentre\/wp-json\/wp\/v2\/users\/1"}],"replies":[{"embeddable":true,"href":"https:\/\/santemc.quebec\/icentre\/wp-json\/wp\/v2\/comments?post=277"}],"version-history":[{"count":2,"href":"https:\/\/santemc.quebec\/icentre\/wp-json\/wp\/v2\/posts\/277\/revisions"}],"predecessor-version":[{"id":279,"href":"https:\/\/santemc.quebec\/icentre\/wp-json\/wp\/v2\/posts\/277\/revisions\/279"}],"wp:attachment":[{"href":"https:\/\/santemc.quebec\/icentre\/wp-json\/wp\/v2\/media?parent=277"}],"wp:term":[{"taxonomy":"category","embeddable":true,"href":"https:\/\/santemc.quebec\/icentre\/wp-json\/wp\/v2\/categories?post=277"},{"taxonomy":"post_tag","embeddable":true,"href":"https:\/\/santemc.quebec\/icentre\/wp-json\/wp\/v2\/tags?post=277"}],"curies":[{"name":"wp","href":"https:\/\/api.w.org\/{rel}","templated":true}]}}