{"id":2797,"date":"2016-08-12T15:58:48","date_gmt":"2016-08-12T19:58:48","guid":{"rendered":"http:\/\/santemc.quebec\/icentre\/?p=2797"},"modified":"2016-08-18T16:01:14","modified_gmt":"2016-08-18T20:01:14","slug":"info-domino-edition-du-12-aout-2016","status":"publish","type":"post","link":"https:\/\/santemc.quebec\/icentre\/info-domino-edition-du-12-aout-2016\/","title":{"rendered":"Info-Domino \u2013 \u00c9dition du 12 ao\u00fbt 2016"},"content":{"rendered":"<p><img decoding=\"async\" loading=\"lazy\" class=\"alignleft wp-image-2198\" src=\"http:\/\/santemc.quebec\/santemc\/icentre\/wp-content\/uploads\/2016\/05\/domino-768x173.jpg\" alt=\"domino\" width=\"800\" height=\"180\" srcset=\"https:\/\/santemc.quebec\/santemc\/icentre\/wp-content\/uploads\/2016\/05\/domino-768x173.jpg 768w, https:\/\/santemc.quebec\/santemc\/icentre\/wp-content\/uploads\/2016\/05\/domino-300x68.jpg 300w, https:\/\/santemc.quebec\/santemc\/icentre\/wp-content\/uploads\/2016\/05\/domino-1024x231.jpg 1024w, https:\/\/santemc.quebec\/santemc\/icentre\/wp-content\/uploads\/2016\/05\/domino-500x113.jpg 500w, https:\/\/santemc.quebec\/santemc\/icentre\/wp-content\/uploads\/2016\/05\/domino.jpg 1136w\" sizes=\"(max-width: 800px) 100vw, 800px\" \/><br \/>\n<span style=\"color: #0000ff;\"><strong><span style=\"font-size: small;\">6<sup>E<\/sup><\/span> \u00c9DITION DU BULLETIN\u00a0INFO-DOMINO<br \/>\n<\/strong>L\u2019outil d\u2019information pour conna\u00eetre l\u2019\u00e9volution de ce projet d\u2019envergure.<\/span><\/p>\n<p>Pour consulter la version PDF : <a href=\"http:\/\/santemc.quebec\/santemc\/icentre\/wp-content\/uploads\/2016\/08\/info-domino_12-ao\u00fbt-2016_final.pdf\">cliquez ici<\/a><!--more--><\/p>\n<p><strong><span style=\"color: #0000ff;\">PHASE CLINIQUE : D\u00c9BUT DU R\u00c9AM\u00c9NAGEMENT DE L\u2019H\u00c9MODIALYSE ET DE LA N\u00c9PHROLOGIE DE L\u2019H\u00d4PITAL CHARLES-LE MOYNE<\/span><\/strong><\/p>\n<p>Le projet Domino entame maintenant sa phase clinique avec le r\u00e9am\u00e9nagement des services de l\u2019h\u00e9modialyse et de la n\u00e9phrologie de l\u2019H\u00f4pital Charles-Le Moyne \u00e0 compter du 15 ao\u00fbt.<\/p>\n<p>Actuellement, le service de l\u2019h\u00e9modialyse de l\u2019H\u00f4pital est r\u00e9parti sur deux \u00e9tages. Au cours des prochaines semaines, trois des cinq stations d\u2019h\u00e9modialyse situ\u00e9es au rez-de-chauss\u00e9e de la salle FE013, seront relocalis\u00e9es de fa\u00e7on permanente au premier \u00e9tage avec les vingt autres stations d\u00e9j\u00e0 existantes. Pour ce faire, la salle d\u2019examen, la salle de conf\u00e9rence et le bureau administratif de ce secteur seront d\u00e9plac\u00e9s.<\/p>\n<p>De plus, des travaux auront lieu simultan\u00e9ment dans le secteur de la n\u00e9phrologie de l\u2019Unit\u00e9 B au premier \u00e9tage. En effet, l\u2019ancienne salle de r\u00e9veil convertie en une chambre double, sera transform\u00e9e dans le but d\u2019accueillir deux chambres et la salle de conf\u00e9rence de l\u2019h\u00e9modialyse.<\/p>\n<p>L\u2019entrepreneur pr\u00e9voit terminer les travaux en d\u00e9cembre. Prendre note qu\u2019aucune restriction n\u2019est \u00e9mise concernant la circulation.<\/p>\n<p><strong>Ce r\u00e9am\u00e9nagement aura des impacts, notamment au niveau du bruit, pour l\u2019\u00e9quipe de l\u2019h\u00e9modialyse, de la n\u00e9phrologie et pour les services avoisinants. Nous sommes bien conscients que ces travaux s\u2019ajoutent aux d\u00e9fis quotidiens que nous vivons tous. Ainsi, nous vous remercions \u00e0 l\u2019avance de votre compr\u00e9hension dans le cadre de ce projet d\u2019am\u00e9lioration de nos installations.<\/strong><\/p>\n<p><strong><span style=\"color: #0000ff;\">L\u2019INSTALLATION DE LA RUE BEAUREGARD ACCUEILLE DE NOUVELLES \u00c9QUIPES<\/span><\/strong><\/p>\n<p><strong>Direction des ressources financi\u00e8res, secteur gestion budg\u00e9taire &#8211; 30 ao\u00fbt<br \/>\n<\/strong>L\u2019\u00e9quipe de 12 personnes du secteur gestion budg\u00e9taire qui \u00e9tait temporairement localis\u00e9e au rez-de-chauss\u00e9e de l\u2019installation Beauregard s\u2019installera de fa\u00e7on permanente au 2e \u00e9tage du m\u00eame b\u00e2timent.<\/p>\n<p><span style=\"color: #0000ff;\"><strong>AUTRE RELOCALISATION \u00c0 VENIR <\/strong><\/span><\/p>\n<p><strong>Direction de la logistique &#8211; Service des approvisionnements &#8211; report\u00e9<br \/>\n<\/strong>Dans la derni\u00e8re \u00e9dition d\u2019Info-Domino, nous vous avions annonc\u00e9 la relocalisation des \u00e9quipes du Services des approvisionnements du 700 rue Martel \u00e0 Richelieu et du premier \u00e9tage du 2727 Taschereau vers le 3e \u00e9tage de ce dernier immeuble pour le d\u00e9but septembre. <b>Ces d\u00e9m\u00e9nagements sont report\u00e9s \u00e0 une date ult\u00e9rieure. <\/b><\/p>\n<p><em>Veuillez consulter le prochain bulletin Info-Domino pour conna\u00eetre tous les d\u00e9tails des futures relocalisations.<\/em><\/p>\n<p><strong><span style=\"color: #0000ff;\">PENSEZ-Y !<br \/>\n<\/span><\/strong>Nous vous invitons \u00e0 ajouter \u00e0 votre signature \u00e9lectronique vos nouvelles coordonn\u00e9es, soit votre nouvel emplacement de travail et vos nouveaux num\u00e9ro et poste t\u00e9l\u00e9phoniques pour aviser vos coll\u00e8gues.<\/p>\n<p>&nbsp;<\/p>\n<h4><strong>DES QUESTIONS SUR CE PROJET?<\/strong><\/h4>\n<p>Nous vous invitons \u00e0 faire parvenir vos questions \u00e0 l\u2019\u00e9quipe de la logistique.<\/p>\n<ul>\n<li>Par t\u00e9l\u00e9phone : 450 466-5000, poste 4004<\/li>\n<li>Par courriel : <a href=\"mailto:domino.cisssmc16@ssss.gouv.qc.ca\"><u><span style=\"color: #0066cc;\">domino.cisssmc16@ssss.gouv.qc.ca<\/span><\/u><\/a><\/li>\n<\/ul>\n","protected":false},"excerpt":{"rendered":"<p>6E \u00c9DITION DU BULLETIN\u00a0INFO-DOMINO L\u2019outil d\u2019information pour conna\u00eetre l\u2019\u00e9volution de ce projet d\u2019envergure. Pour consulter la version PDF : cliquez ici<\/p>\n","protected":false},"author":1,"featured_media":0,"comment_status":"open","ping_status":"closed","sticky":false,"template":"","format":"standard","meta":{"footnotes":""},"categories":[1],"tags":[62,54],"_links":{"self":[{"href":"https:\/\/santemc.quebec\/icentre\/wp-json\/wp\/v2\/posts\/2797"}],"collection":[{"href":"https:\/\/santemc.quebec\/icentre\/wp-json\/wp\/v2\/posts"}],"about":[{"href":"https:\/\/santemc.quebec\/icentre\/wp-json\/wp\/v2\/types\/post"}],"author":[{"embeddable":true,"href":"https:\/\/santemc.quebec\/icentre\/wp-json\/wp\/v2\/users\/1"}],"replies":[{"embeddable":true,"href":"https:\/\/santemc.quebec\/icentre\/wp-json\/wp\/v2\/comments?post=2797"}],"version-history":[{"count":6,"href":"https:\/\/santemc.quebec\/icentre\/wp-json\/wp\/v2\/posts\/2797\/revisions"}],"predecessor-version":[{"id":2805,"href":"https:\/\/santemc.quebec\/icentre\/wp-json\/wp\/v2\/posts\/2797\/revisions\/2805"}],"wp:attachment":[{"href":"https:\/\/santemc.quebec\/icentre\/wp-json\/wp\/v2\/media?parent=2797"}],"wp:term":[{"taxonomy":"category","embeddable":true,"href":"https:\/\/santemc.quebec\/icentre\/wp-json\/wp\/v2\/categories?post=2797"},{"taxonomy":"post_tag","embeddable":true,"href":"https:\/\/santemc.quebec\/icentre\/wp-json\/wp\/v2\/tags?post=2797"}],"curies":[{"name":"wp","href":"https:\/\/api.w.org\/{rel}","templated":true}]}}