{"id":280,"date":"2015-05-01T11:39:41","date_gmt":"2015-05-01T15:39:41","guid":{"rendered":"http:\/\/santemc.quebec\/icentre\/?p=280"},"modified":"2015-05-26T11:41:48","modified_gmt":"2015-05-26T15:41:48","slug":"nomination-du-directeur-des-programmes-sante-mentale-et-dependance","status":"publish","type":"post","link":"https:\/\/santemc.quebec\/icentre\/nomination-du-directeur-des-programmes-sante-mentale-et-dependance\/","title":{"rendered":"Nomination du directeur des programmes sant\u00e9 mentale et d\u00e9pendance"},"content":{"rendered":"<p>C\u2019est avec plaisir que je vous annonce la nomination de monsieur Normand Lauzon au poste de\u00a0directeur des programmes sant\u00e9 mentale et d\u00e9pendance pour le CISSS de la Mont\u00e9r\u00e9gie\u2010Centre.\u00a0Monsieur Lauzon, qui \u00e9tait depuis 2012 directeur Sant\u00e9 mentale, FEJ, DI\u2010DP\u2010TED et des Services\u00a0psychosociaux g\u00e9n\u00e9raux et d\u00e9pendances au CSSS Haut\u2010Richelieu\u2010Rouville, oeuvre dans le r\u00e9seau de la\u00a0sant\u00e9 et des services sociaux depuis pr\u00e8s de 17 ans. D\u00e9tenteur d\u2019un baccalaur\u00e9at en enseignement \u00e0\u00a0l\u2019enfance inadapt\u00e9e (orthop\u00e9dagogie) et d\u2019une ma\u00eetrise en psychologie, option clinique, monsieur<br \/>\nLauzon a \u00e9galement exerc\u00e9 sa profession en milieu scolaire pendant pr\u00e8s de 10 ans.<!--more--><\/p>\n<p>Reconnu pour son leadership mobilisateur, sa vision syst\u00e9mique et ses capacit\u00e9s \u00e0 mettre en oeuvre\u00a0des projets novateurs n\u00e9cessitant la participation de plusieurs partenaires, monsieur Lauzon a dirig\u00e9\u00a0plusieurs projets d\u2019am\u00e9lioration continue en mati\u00e8re d\u2019accessibilit\u00e9, de continuit\u00e9 et de qualit\u00e9 des\u00a0services et ce, tant au niveau local qu\u2019\u00e0 l\u2019\u00e9chelle de la Mont\u00e9r\u00e9gie. Il a \u00e9galement \u00e0 son actif la\u00a0pr\u00e9sidence de la Table Sant\u00e9 mentale de la Mont\u00e9r\u00e9gie de m\u00eame que plusieurs mandats de formation\u00a0dont notamment en psychopathologie.<\/p>\n<p>Nous sommes tr\u00e8s heureux qu\u2019il se joigne \u00e0 l\u2019\u00e9quipe de direction du CISSS de la Mont\u00e9r\u00e9gie\u2010Centre et\u00a0nous lui souhaitons la meilleure des chances dans l\u2019exercice de ses nouvelles fonctions et tout le\u00a0succ\u00e8s voulu dans la poursuite de sa carri\u00e8re.<\/p>\n","protected":false},"excerpt":{"rendered":"<p>C\u2019est avec plaisir que je vous annonce la nomination de monsieur Normand Lauzon au poste de\u00a0directeur des programmes sant\u00e9 mentale et d\u00e9pendance pour le CISSS de la Mont\u00e9r\u00e9gie\u2010Centre.\u00a0Monsieur Lauzon, qui \u00e9tait depuis 2012 directeur Sant\u00e9 mentale, FEJ, DI\u2010DP\u2010TED et des &hellip; <a href=\"https:\/\/santemc.quebec\/icentre\/nomination-du-directeur-des-programmes-sante-mentale-et-dependance\/\">Continuer la lecture <span class=\"meta-nav\">&rarr;<\/span><\/a><\/p>\n","protected":false},"author":1,"featured_media":0,"comment_status":"open","ping_status":"closed","sticky":false,"template":"","format":"standard","meta":{"footnotes":""},"categories":[2],"tags":[8],"_links":{"self":[{"href":"https:\/\/santemc.quebec\/icentre\/wp-json\/wp\/v2\/posts\/280"}],"collection":[{"href":"https:\/\/santemc.quebec\/icentre\/wp-json\/wp\/v2\/posts"}],"about":[{"href":"https:\/\/santemc.quebec\/icentre\/wp-json\/wp\/v2\/types\/post"}],"author":[{"embeddable":true,"href":"https:\/\/santemc.quebec\/icentre\/wp-json\/wp\/v2\/users\/1"}],"replies":[{"embeddable":true,"href":"https:\/\/santemc.quebec\/icentre\/wp-json\/wp\/v2\/comments?post=280"}],"version-history":[{"count":2,"href":"https:\/\/santemc.quebec\/icentre\/wp-json\/wp\/v2\/posts\/280\/revisions"}],"predecessor-version":[{"id":282,"href":"https:\/\/santemc.quebec\/icentre\/wp-json\/wp\/v2\/posts\/280\/revisions\/282"}],"wp:attachment":[{"href":"https:\/\/santemc.quebec\/icentre\/wp-json\/wp\/v2\/media?parent=280"}],"wp:term":[{"taxonomy":"category","embeddable":true,"href":"https:\/\/santemc.quebec\/icentre\/wp-json\/wp\/v2\/categories?post=280"},{"taxonomy":"post_tag","embeddable":true,"href":"https:\/\/santemc.quebec\/icentre\/wp-json\/wp\/v2\/tags?post=280"}],"curies":[{"name":"wp","href":"https:\/\/api.w.org\/{rel}","templated":true}]}}