{"id":2808,"date":"2016-08-19T13:58:31","date_gmt":"2016-08-19T17:58:31","guid":{"rendered":"http:\/\/santemc.quebec\/icentre\/?p=2808"},"modified":"2016-08-19T14:42:32","modified_gmt":"2016-08-19T18:42:32","slug":"un-don-par-des-enfants-pour-les-enfants-de-lhopital-charles-le-moyne","status":"publish","type":"post","link":"https:\/\/santemc.quebec\/icentre\/un-don-par-des-enfants-pour-les-enfants-de-lhopital-charles-le-moyne\/","title":{"rendered":"Un don par des enfants pour les enfants de l\u2019H\u00f4pital Charles-Le Moyne"},"content":{"rendered":"<p><a href=\"http:\/\/santemc.quebec\/santemc\/icentre\/wp-content\/uploads\/2016\/08\/DSC_1005.jpg\"><img decoding=\"async\" loading=\"lazy\" class=\"alignleft wp-image-2809 size-medium\" src=\"http:\/\/santemc.quebec\/santemc\/icentre\/wp-content\/uploads\/2016\/08\/DSC_1005-300x199.jpg\" alt=\"DSC_1005\" width=\"300\" height=\"199\" srcset=\"https:\/\/santemc.quebec\/santemc\/icentre\/wp-content\/uploads\/2016\/08\/DSC_1005-300x199.jpg 300w, https:\/\/santemc.quebec\/santemc\/icentre\/wp-content\/uploads\/2016\/08\/DSC_1005-768x510.jpg 768w, https:\/\/santemc.quebec\/santemc\/icentre\/wp-content\/uploads\/2016\/08\/DSC_1005-1024x680.jpg 1024w, https:\/\/santemc.quebec\/santemc\/icentre\/wp-content\/uploads\/2016\/08\/DSC_1005-452x300.jpg 452w\" sizes=\"(max-width: 300px) 100vw, 300px\" \/><\/a>Eva Tadros et Emma Robert ont 8 ans et elles sont amies depuis la maternelle. Elles sont d\u00e9brouillardes, d\u00e9bordantes d\u2019imagination et surtout, tr\u00e8s g\u00e9n\u00e9reuses. Elles ont \u00e9galement un autre point en commun\u00a0: l\u2019H\u00f4pital Charles-Le Moyne. Depuis qu\u2019elle a un an, Eva est suivie par Dre Marie-Jos\u00e9e Francoeur pour de multiples allergies. Emma a, quant \u00e0 elle, \u00e9t\u00e9 hospitalis\u00e9e pour la H1N1 \u00e0 quelques mois de vie.<!--more--><\/p>\n<p>Au printemps dernier, Eva et Emma ont cr\u00e9\u00e9, r\u00e9dig\u00e9 et illustr\u00e9 l\u2019histoire de \u00ab\u00a0Barbou le castor\u00a0\u00bb. Avec l\u2019aide de leurs parents, elles ont imprim\u00e9 50 copies du livre qu\u2019elles ont reli\u00e9es et d\u00e9cor\u00e9es. Les livres ont \u00e9t\u00e9 distribu\u00e9s aux parents, amis, professeurs moyennant une contribution volontaire. R\u00e9sultat\u00a0: elles ont amass\u00e9 plus de 400 $.<\/p>\n<p>Quand est venu le temps de choisir une cause, le d\u00e9partement de p\u00e9diatrie de l\u2019H\u00f4pital Charles-Le Moyne s\u2019est tout naturellement impos\u00e9. Gr\u00e2ce au montant recueilli, elles ont achet\u00e9 deux lecteurs DVD et une vingtaine de films pour que le s\u00e9jour des enfants malades soit plus agr\u00e9able.<\/p>\n<p>Une belle histoire de g\u00e9n\u00e9rosit\u00e9\u2026 et d\u2019entrepreneurship!<\/p>\n","protected":false},"excerpt":{"rendered":"<p>Eva Tadros et Emma Robert ont 8 ans et elles sont amies depuis la maternelle. Elles sont d\u00e9brouillardes, d\u00e9bordantes d\u2019imagination et surtout, tr\u00e8s g\u00e9n\u00e9reuses. Elles ont \u00e9galement un autre point en commun\u00a0: l\u2019H\u00f4pital Charles-Le Moyne. Depuis qu\u2019elle a un an, &hellip; <a href=\"https:\/\/santemc.quebec\/icentre\/un-don-par-des-enfants-pour-les-enfants-de-lhopital-charles-le-moyne\/\">Continuer la lecture <span class=\"meta-nav\">&rarr;<\/span><\/a><\/p>\n","protected":false},"author":1,"featured_media":0,"comment_status":"open","ping_status":"closed","sticky":false,"template":"","format":"standard","meta":{"footnotes":""},"categories":[1],"tags":[],"_links":{"self":[{"href":"https:\/\/santemc.quebec\/icentre\/wp-json\/wp\/v2\/posts\/2808"}],"collection":[{"href":"https:\/\/santemc.quebec\/icentre\/wp-json\/wp\/v2\/posts"}],"about":[{"href":"https:\/\/santemc.quebec\/icentre\/wp-json\/wp\/v2\/types\/post"}],"author":[{"embeddable":true,"href":"https:\/\/santemc.quebec\/icentre\/wp-json\/wp\/v2\/users\/1"}],"replies":[{"embeddable":true,"href":"https:\/\/santemc.quebec\/icentre\/wp-json\/wp\/v2\/comments?post=2808"}],"version-history":[{"count":3,"href":"https:\/\/santemc.quebec\/icentre\/wp-json\/wp\/v2\/posts\/2808\/revisions"}],"predecessor-version":[{"id":2813,"href":"https:\/\/santemc.quebec\/icentre\/wp-json\/wp\/v2\/posts\/2808\/revisions\/2813"}],"wp:attachment":[{"href":"https:\/\/santemc.quebec\/icentre\/wp-json\/wp\/v2\/media?parent=2808"}],"wp:term":[{"taxonomy":"category","embeddable":true,"href":"https:\/\/santemc.quebec\/icentre\/wp-json\/wp\/v2\/categories?post=2808"},{"taxonomy":"post_tag","embeddable":true,"href":"https:\/\/santemc.quebec\/icentre\/wp-json\/wp\/v2\/tags?post=2808"}],"curies":[{"name":"wp","href":"https:\/\/api.w.org\/{rel}","templated":true}]}}