{"id":2825,"date":"2016-08-31T15:35:22","date_gmt":"2016-08-31T19:35:22","guid":{"rendered":"http:\/\/santemc.quebec\/icentre\/?p=2825"},"modified":"2016-08-31T15:39:02","modified_gmt":"2016-08-31T19:39:02","slug":"visite-de-la-presidente-de-lordre-des-infirmieres-et-infirmiers-du-quebec","status":"publish","type":"post","link":"https:\/\/santemc.quebec\/icentre\/visite-de-la-presidente-de-lordre-des-infirmieres-et-infirmiers-du-quebec\/","title":{"rendered":"Visite de la pr\u00e9sidente de l\u2019Ordre des infirmi\u00e8res et infirmiers du Qu\u00e9bec"},"content":{"rendered":"<div id=\"attachment_2827\" style=\"width: 310px\" class=\"wp-caption alignleft\"><a href=\"http:\/\/santemc.quebec\/santemc\/icentre\/wp-content\/uploads\/2016\/08\/IMG_8125.jpg\"><img aria-describedby=\"caption-attachment-2827\" decoding=\"async\" loading=\"lazy\" class=\"wp-image-2827 size-medium\" src=\"http:\/\/santemc.quebec\/santemc\/icentre\/wp-content\/uploads\/2016\/08\/IMG_8125-300x200.jpg\" alt=\"IMG_8125\" width=\"300\" height=\"200\" srcset=\"https:\/\/santemc.quebec\/santemc\/icentre\/wp-content\/uploads\/2016\/08\/IMG_8125-300x200.jpg 300w, https:\/\/santemc.quebec\/santemc\/icentre\/wp-content\/uploads\/2016\/08\/IMG_8125-768x512.jpg 768w, https:\/\/santemc.quebec\/santemc\/icentre\/wp-content\/uploads\/2016\/08\/IMG_8125-1024x683.jpg 1024w, https:\/\/santemc.quebec\/santemc\/icentre\/wp-content\/uploads\/2016\/08\/IMG_8125-450x300.jpg 450w, https:\/\/santemc.quebec\/santemc\/icentre\/wp-content\/uploads\/2016\/08\/IMG_8125.jpg 1920w\" sizes=\"(max-width: 300px) 100vw, 300px\" \/><\/a><p id=\"caption-attachment-2827\" class=\"wp-caption-text\">Madame Lucie Tremblay est entour\u00e9e des personnes pr\u00e9sentes au d\u00eener-causerie \u00e0 l\u2019H\u00f4pital Charles-Le Moyne.<\/p><\/div>\n<p>La pr\u00e9sidente de l\u2019Ordre des infirmi\u00e8res et infirmiers du Qu\u00e9bec (OIIQ), madame Lucie Tremblay \u00e9tait de passage le 22 ao\u00fbt dernier \u00e0 l\u2019H\u00f4pital Charles-Le Moyne et \u00e0 l\u2019H\u00f4pital du Haut-Richelieu dans le cadre de sa tourn\u00e9e r\u00e9gionale pour aller \u00e0 la rencontre des infirmi\u00e8res et discuter de leurs pr\u00e9occupations.<!--more--><\/p>\n<p>Accompagn\u00e9e de la directrice des soins infirmiers du CISSS, madame Chantal Boucher, madame Tremblay a visit\u00e9 les secteurs de l\u2019h\u00e9mato-oncologie et du 3e Sud de l\u2019H\u00f4pital Charles-Le Moyne ainsi que les unit\u00e9s 5e Nord et 6e Sud de l\u2019H\u00f4pital du Haut-Richelieu.<\/p>\n<p>Dans chacun des \u00e9tablissements, la pr\u00e9sidente de l\u2019OIIQ a \u00e9chang\u00e9 avec des infirmi\u00e8res. \u00c0 l&rsquo;H\u00f4pital Charles-Le Moyne, elle a pris part \u00e0 un d\u00eener-causerie auquel participaient les membres de la direction des soins infirmiers, l&rsquo;\u00e9quipe des conseill\u00e8res cadres en soins infirmiers volet \u00ab\u00a0qualit\u00e9 et \u00e9volution de la pratique\u00a0\u00bb, la pr\u00e9sidente-directrice g\u00e9n\u00e9rale adjointe ainsi que les membres du comit\u00e9 ex\u00e9cutif du Conseil des infirmiers et infirmi\u00e8res. Les discussions ont port\u00e9 sur les enjeux reli\u00e9s \u00e0 la profession, la place de l\u2019infirmi\u00e8re, le droit de prescrire, l\u2019importance des collaborations interprofessionnelles, le r\u00f4le des infirmi\u00e8res pour favoriser l\u2019acc\u00e8s aux soins et leur v\u00e9cu dans cette grande p\u00e9riode de changements.<\/p>\n<p>\u00ab Ce qui me fascine, c\u2019est cet enthousiasme que je vois \u00e0 vouloir soigner et bien soigner. Avec tous les changements que vous vivez, c\u2019est assez extraordinaire de voir que ce d\u00e9sir est rest\u00e9 intact \u00bb, souligne-t-elle.<\/p>\n<p>Madame Tremblay a insist\u00e9 sur l\u2019importance pour les infirmi\u00e8res de pouvoir pleinement jouer leur r\u00f4le, ce qui contribue \u00e0 favoriser l\u2019acc\u00e8s aux services de sant\u00e9. Elle a aussi parl\u00e9 de la n\u00e9cessaire collaboration avec les autres professionnels pour mieux desservir des patients aux prises avec des probl\u00e8mes de sant\u00e9 (physique et mentale) de plus en plus complexes.<\/p>\n<p>La pr\u00e9sidente de l\u2019OIIQ \u00e9tait satisfaite de ce qu\u2019elle a vu. \u00ab Il y a beaucoup de belles r\u00e9alisations. Transmettre l\u2019information sur les bons coups, \u00e7a demeure un enjeu majeur \u00bb, indique-t-elle.<\/p>\n<div id=\"attachment_2828\" style=\"width: 310px\" class=\"wp-caption alignleft\"><a href=\"http:\/\/santemc.quebec\/santemc\/icentre\/wp-content\/uploads\/2016\/08\/IMG_8118.jpg\"><img aria-describedby=\"caption-attachment-2828\" decoding=\"async\" loading=\"lazy\" class=\"wp-image-2828 size-medium\" src=\"http:\/\/santemc.quebec\/santemc\/icentre\/wp-content\/uploads\/2016\/08\/IMG_8118-300x200.jpg\" alt=\"IMG_8118\" width=\"300\" height=\"200\" srcset=\"https:\/\/santemc.quebec\/santemc\/icentre\/wp-content\/uploads\/2016\/08\/IMG_8118-300x200.jpg 300w, https:\/\/santemc.quebec\/santemc\/icentre\/wp-content\/uploads\/2016\/08\/IMG_8118-768x512.jpg 768w, https:\/\/santemc.quebec\/santemc\/icentre\/wp-content\/uploads\/2016\/08\/IMG_8118-1024x683.jpg 1024w, https:\/\/santemc.quebec\/santemc\/icentre\/wp-content\/uploads\/2016\/08\/IMG_8118-450x300.jpg 450w, https:\/\/santemc.quebec\/santemc\/icentre\/wp-content\/uploads\/2016\/08\/IMG_8118.jpg 1920w\" sizes=\"(max-width: 300px) 100vw, 300px\" \/><\/a><p id=\"caption-attachment-2828\" class=\"wp-caption-text\">Madame Lucie Tremblay discute avec monsieur Justin Buteau chef d&rsquo;unit\u00e9 chirurgie (3e Sud) de l&rsquo;H\u00f4pital Charles-Le Moyne avec madame Karine Durocher, infirmi\u00e8re clinicienne assistance infirmi\u00e8re-chef et madame Chantal Boucher, directrice des soins infirmiers au CISSS de la Mont\u00e9r\u00e9gie-Centre.<\/p><\/div>\n<p>&nbsp;<\/p>\n","protected":false},"excerpt":{"rendered":"<p>La pr\u00e9sidente de l\u2019Ordre des infirmi\u00e8res et infirmiers du Qu\u00e9bec (OIIQ), madame Lucie Tremblay \u00e9tait de passage le 22 ao\u00fbt dernier \u00e0 l\u2019H\u00f4pital Charles-Le Moyne et \u00e0 l\u2019H\u00f4pital du Haut-Richelieu dans le cadre de sa tourn\u00e9e r\u00e9gionale pour aller \u00e0 &hellip; <a href=\"https:\/\/santemc.quebec\/icentre\/visite-de-la-presidente-de-lordre-des-infirmieres-et-infirmiers-du-quebec\/\">Continuer la lecture <span class=\"meta-nav\">&rarr;<\/span><\/a><\/p>\n","protected":false},"author":1,"featured_media":0,"comment_status":"open","ping_status":"closed","sticky":false,"template":"","format":"standard","meta":{"footnotes":""},"categories":[1],"tags":[],"_links":{"self":[{"href":"https:\/\/santemc.quebec\/icentre\/wp-json\/wp\/v2\/posts\/2825"}],"collection":[{"href":"https:\/\/santemc.quebec\/icentre\/wp-json\/wp\/v2\/posts"}],"about":[{"href":"https:\/\/santemc.quebec\/icentre\/wp-json\/wp\/v2\/types\/post"}],"author":[{"embeddable":true,"href":"https:\/\/santemc.quebec\/icentre\/wp-json\/wp\/v2\/users\/1"}],"replies":[{"embeddable":true,"href":"https:\/\/santemc.quebec\/icentre\/wp-json\/wp\/v2\/comments?post=2825"}],"version-history":[{"count":4,"href":"https:\/\/santemc.quebec\/icentre\/wp-json\/wp\/v2\/posts\/2825\/revisions"}],"predecessor-version":[{"id":2831,"href":"https:\/\/santemc.quebec\/icentre\/wp-json\/wp\/v2\/posts\/2825\/revisions\/2831"}],"wp:attachment":[{"href":"https:\/\/santemc.quebec\/icentre\/wp-json\/wp\/v2\/media?parent=2825"}],"wp:term":[{"taxonomy":"category","embeddable":true,"href":"https:\/\/santemc.quebec\/icentre\/wp-json\/wp\/v2\/categories?post=2825"},{"taxonomy":"post_tag","embeddable":true,"href":"https:\/\/santemc.quebec\/icentre\/wp-json\/wp\/v2\/tags?post=2825"}],"curies":[{"name":"wp","href":"https:\/\/api.w.org\/{rel}","templated":true}]}}