{"id":2833,"date":"2016-09-08T10:20:20","date_gmt":"2016-09-08T14:20:20","guid":{"rendered":"http:\/\/santemc.quebec\/icentre\/?p=2833"},"modified":"2016-09-08T10:20:20","modified_gmt":"2016-09-08T14:20:20","slug":"medecins-et-employes-de-lhopital-charles-lemoyne-venez-courir","status":"publish","type":"post","link":"https:\/\/santemc.quebec\/icentre\/medecins-et-employes-de-lhopital-charles-lemoyne-venez-courir\/","title":{"rendered":"M\u00e9decins et employ\u00e9s de l&rsquo;H\u00f4pital Charles-LeMoyne, venez courir!"},"content":{"rendered":"<p><img decoding=\"async\" loading=\"lazy\" class=\"alignleft size-medium wp-image-2836\" src=\"http:\/\/santemc.quebec\/santemc\/icentre\/wp-content\/uploads\/2016\/09\/DGenerations_TVhopital_HR-1-300x170.jpg\" alt=\"dgenerations_tvhopital_hr-1\" width=\"300\" height=\"170\" srcset=\"https:\/\/santemc.quebec\/santemc\/icentre\/wp-content\/uploads\/2016\/09\/DGenerations_TVhopital_HR-1-300x170.jpg 300w, https:\/\/santemc.quebec\/santemc\/icentre\/wp-content\/uploads\/2016\/09\/DGenerations_TVhopital_HR-1.jpg 400w\" sizes=\"(max-width: 300px) 100vw, 300px\" \/>La Fondation H\u00f4pital Charles-LeMoyne vous invite \u00e0 la premi\u00e8re \u00e9dition du D\u00e9fi des g\u00e9n\u00e9rations contre le cancer, le 1<sup>er<\/sup> octobre 2016 \u00e0 Brossard.<\/p>\n<p><strong>RELEVEZ LE D\u00c9FI\u2026 ENTRE COLL\u00c8GUES!<\/strong><\/p>\n<p>Le D\u00e9fi des g\u00e9n\u00e9rations contre le cancer est une activit\u00e9 sportive qui a pour but d\u2019amasser des fonds pour participer \u00e0 l\u2019achat d\u2019un TEP Scan, \u00e9quipement sp\u00e9cialis\u00e9 n\u00e9cessaire \u00e0 plusieurs sp\u00e9cialit\u00e9s m\u00e9dicales.<!--more--><\/p>\n<p>\u00c0 ce jour, plusieurs d\u00e9partements de l\u2019H\u00f4pital ont form\u00e9 des \u00e9quipes qui seront sur la ligne de d\u00e9part.<\/p>\n<p>Des parcours de 5 km, 10 km, 21 km seront propos\u00e9s aux participants, sans oublier le \u00ab\u00a0kilom\u00e8tre des g\u00e9n\u00e9rations\u00a0\u00bb qui r\u00e9unira grands-parents, parents et petits-enfants dans un m\u00eame parcours de 1 km.<\/p>\n<p><strong>Animation \/ Aire de jeux \/ Collations \/ Chandail officiel pour les coureurs<\/strong><\/p>\n<p>Information et inscription\u00a0: <a href=\"http:\/\/www.fhclm.ca\/activite\/defi-des-generations-contre-le-cancer\/\">FHCLM.CA<br \/>\n<\/a>(les frais d\u2019inscription varient selon le parcours)<\/p>\n<p>H\u00e2tez-vous, les inscriptions en ligne se terminent le 21 septembre.<br \/>\nInscriptions sur place lors de l\u2019\u00e9v\u00e9nement.<\/p>\n<p>&nbsp;<\/p>\n","protected":false},"excerpt":{"rendered":"<p>La Fondation H\u00f4pital Charles-LeMoyne vous invite \u00e0 la premi\u00e8re \u00e9dition du D\u00e9fi des g\u00e9n\u00e9rations contre le cancer, le 1er octobre 2016 \u00e0 Brossard. RELEVEZ LE D\u00c9FI\u2026 ENTRE COLL\u00c8GUES! Le D\u00e9fi des g\u00e9n\u00e9rations contre le cancer est une activit\u00e9 sportive qui &hellip; <a href=\"https:\/\/santemc.quebec\/icentre\/medecins-et-employes-de-lhopital-charles-lemoyne-venez-courir\/\">Continuer la lecture <span class=\"meta-nav\">&rarr;<\/span><\/a><\/p>\n","protected":false},"author":1,"featured_media":0,"comment_status":"open","ping_status":"closed","sticky":false,"template":"","format":"standard","meta":{"footnotes":""},"categories":[1],"tags":[55],"_links":{"self":[{"href":"https:\/\/santemc.quebec\/icentre\/wp-json\/wp\/v2\/posts\/2833"}],"collection":[{"href":"https:\/\/santemc.quebec\/icentre\/wp-json\/wp\/v2\/posts"}],"about":[{"href":"https:\/\/santemc.quebec\/icentre\/wp-json\/wp\/v2\/types\/post"}],"author":[{"embeddable":true,"href":"https:\/\/santemc.quebec\/icentre\/wp-json\/wp\/v2\/users\/1"}],"replies":[{"embeddable":true,"href":"https:\/\/santemc.quebec\/icentre\/wp-json\/wp\/v2\/comments?post=2833"}],"version-history":[{"count":3,"href":"https:\/\/santemc.quebec\/icentre\/wp-json\/wp\/v2\/posts\/2833\/revisions"}],"predecessor-version":[{"id":2837,"href":"https:\/\/santemc.quebec\/icentre\/wp-json\/wp\/v2\/posts\/2833\/revisions\/2837"}],"wp:attachment":[{"href":"https:\/\/santemc.quebec\/icentre\/wp-json\/wp\/v2\/media?parent=2833"}],"wp:term":[{"taxonomy":"category","embeddable":true,"href":"https:\/\/santemc.quebec\/icentre\/wp-json\/wp\/v2\/categories?post=2833"},{"taxonomy":"post_tag","embeddable":true,"href":"https:\/\/santemc.quebec\/icentre\/wp-json\/wp\/v2\/tags?post=2833"}],"curies":[{"name":"wp","href":"https:\/\/api.w.org\/{rel}","templated":true}]}}