{"id":2865,"date":"2016-09-16T09:52:38","date_gmt":"2016-09-16T13:52:38","guid":{"rendered":"http:\/\/santemc.quebec\/icentre\/?p=2865"},"modified":"2016-09-16T09:52:38","modified_gmt":"2016-09-16T13:52:38","slug":"nomination-du-directeur-des-services-professionnels","status":"publish","type":"post","link":"https:\/\/santemc.quebec\/icentre\/nomination-du-directeur-des-services-professionnels\/","title":{"rendered":"Nomination du directeur des services professionnels"},"content":{"rendered":"<p>Bonjour,<\/p>\n<p>C\u2019est avec plaisir que je vous annonce la nomination du docteur Jean Rodrigue \u00e0 titre de directeur des services professionnels au CISSS de la Mont\u00e9r\u00e9gie-Centre. Depuis le 22 juillet dernier, le docteur Rodrigue assumait l\u2019int\u00e9rim \u00e0 ce poste au sein de notre organisation. Il avait auparavant occup\u00e9 les fonctions de directeur de la sant\u00e9 publique par int\u00e9rim de 2014 \u00e0 2016. Au cours des 20 derni\u00e8res ann\u00e9es, le docteur Rodrigue a cumul\u00e9 plusieurs fonctions administratives dans le r\u00e9seau de la sant\u00e9 et des services sociaux. Il a notamment occup\u00e9 les fonctions de sous-ministre adjoint \u00e0 la Direction g\u00e9n\u00e9rale des services de sant\u00e9 et m\u00e9decine universitaire du MSSS.<!--more--><\/p>\n<p>M\u00e9decin omnipraticien de formation, le docteur Rodrigue a pratiqu\u00e9 la m\u00e9decine familiale pendant de nombreuses ann\u00e9es. Il poss\u00e8de \u00e9galement une ma\u00eetrise en sant\u00e9 communautaire de l\u2019Universit\u00e9 de Montr\u00e9al et s\u2019est consacr\u00e9 \u00e0 l\u2019enseignement universitaire tout au long de sa carri\u00e8re. Dot\u00e9 d\u2019un leadership mobilisateur et d\u2019une vision strat\u00e9gique, le docteur Rodrigue d\u00e9tient un parcours professionnel diversifi\u00e9 qui lui conf\u00e8re une connaissance \u00e9largie des enjeux du r\u00e9seau de la sant\u00e9 et des services sociaux. Rappelons que, cette ann\u00e9e, il est r\u00e9cipiendaire du prestigieux Prix d\u2019excellence Persillier-Lachapelle d\u00e9cern\u00e9 par le MSSS en reconnaissance de son engagement tout en soulignant son impressionnante feuille de route au sein du r\u00e9seau.<\/p>\n<p>Nous sommes heureux que le docteur Rodrigue se joigne \u00e0 l\u2019\u00e9quipe de direction du CISSS de la Mont\u00e9r\u00e9gie-Centre et nous lui souhaitons la meilleure des chances dans la poursuite de ses activit\u00e9s au sein de l\u2019\u00e9tablissement.<\/p>\n<p>&nbsp;<\/p>\n<p>Richard Deschamps<br \/>\nPr\u00e9sident-directeur g\u00e9n\u00e9ral<\/p>\n<p>&nbsp;<\/p>\n","protected":false},"excerpt":{"rendered":"<p>Bonjour, C\u2019est avec plaisir que je vous annonce la nomination du docteur Jean Rodrigue \u00e0 titre de directeur des services professionnels au CISSS de la Mont\u00e9r\u00e9gie-Centre. Depuis le 22 juillet dernier, le docteur Rodrigue assumait l\u2019int\u00e9rim \u00e0 ce poste au &hellip; <a href=\"https:\/\/santemc.quebec\/icentre\/nomination-du-directeur-des-services-professionnels\/\">Continuer la lecture <span class=\"meta-nav\">&rarr;<\/span><\/a><\/p>\n","protected":false},"author":1,"featured_media":0,"comment_status":"open","ping_status":"closed","sticky":false,"template":"","format":"standard","meta":{"footnotes":""},"categories":[1],"tags":[8],"_links":{"self":[{"href":"https:\/\/santemc.quebec\/icentre\/wp-json\/wp\/v2\/posts\/2865"}],"collection":[{"href":"https:\/\/santemc.quebec\/icentre\/wp-json\/wp\/v2\/posts"}],"about":[{"href":"https:\/\/santemc.quebec\/icentre\/wp-json\/wp\/v2\/types\/post"}],"author":[{"embeddable":true,"href":"https:\/\/santemc.quebec\/icentre\/wp-json\/wp\/v2\/users\/1"}],"replies":[{"embeddable":true,"href":"https:\/\/santemc.quebec\/icentre\/wp-json\/wp\/v2\/comments?post=2865"}],"version-history":[{"count":1,"href":"https:\/\/santemc.quebec\/icentre\/wp-json\/wp\/v2\/posts\/2865\/revisions"}],"predecessor-version":[{"id":2866,"href":"https:\/\/santemc.quebec\/icentre\/wp-json\/wp\/v2\/posts\/2865\/revisions\/2866"}],"wp:attachment":[{"href":"https:\/\/santemc.quebec\/icentre\/wp-json\/wp\/v2\/media?parent=2865"}],"wp:term":[{"taxonomy":"category","embeddable":true,"href":"https:\/\/santemc.quebec\/icentre\/wp-json\/wp\/v2\/categories?post=2865"},{"taxonomy":"post_tag","embeddable":true,"href":"https:\/\/santemc.quebec\/icentre\/wp-json\/wp\/v2\/tags?post=2865"}],"curies":[{"name":"wp","href":"https:\/\/api.w.org\/{rel}","templated":true}]}}