{"id":2875,"date":"2016-09-20T15:07:07","date_gmt":"2016-09-20T19:07:07","guid":{"rendered":"http:\/\/santemc.quebec\/icentre\/?p=2875"},"modified":"2016-09-20T15:13:49","modified_gmt":"2016-09-20T19:13:49","slug":"bulletin-periscope-la-criminalite-un-portrait-plus-favorable-en-monteregie","status":"publish","type":"post","link":"https:\/\/santemc.quebec\/icentre\/bulletin-periscope-la-criminalite-un-portrait-plus-favorable-en-monteregie\/","title":{"rendered":"Bulletin P\u00e9riscope \u2013 La criminalit\u00e9 : un portrait plus favorable en Mont\u00e9r\u00e9gie"},"content":{"rendered":"<p><img decoding=\"async\" loading=\"lazy\" class=\"aligncenter wp-image-2877 size-full\" src=\"http:\/\/santemc.quebec\/santemc\/icentre\/wp-content\/uploads\/2016\/09\/periscope.png\" alt=\"periscope\" width=\"789\" height=\"163\" srcset=\"https:\/\/santemc.quebec\/santemc\/icentre\/wp-content\/uploads\/2016\/09\/periscope.png 789w, https:\/\/santemc.quebec\/santemc\/icentre\/wp-content\/uploads\/2016\/09\/periscope-300x62.png 300w, https:\/\/santemc.quebec\/santemc\/icentre\/wp-content\/uploads\/2016\/09\/periscope-768x159.png 768w, https:\/\/santemc.quebec\/santemc\/icentre\/wp-content\/uploads\/2016\/09\/periscope-500x103.png 500w\" sizes=\"(max-width: 789px) 100vw, 789px\" \/><br \/>\nLa s\u00e9curit\u00e9 est un pr\u00e9alable au maintien et \u00e0 l&rsquo;am\u00e9lioration de l&rsquo;\u00e9tat de sant\u00e9 de la population. Qu&rsquo;en est-il en Mont\u00e9r\u00e9gie? Dans ce premier bulletin de l&rsquo;ann\u00e9e, vous trouverez quelques faits saillants sur la situation de la criminalit\u00e9 en Mont\u00e9r\u00e9gie.<\/p>\n<p>Pour acc\u00e9der \u00e0 la version int\u00e9grale du bulletin d\u2019information,\u00a0rendez-vous sur le site\u00a0<a class=\"pdf\" href=\"http:\/\/extranet.santemonteregie.qc.ca\/sante-publique\/surveillance-etat-sante\/periscope.fr.html\" target=\"_blank\">Extranet<\/a>.<!--more--><\/p>\n<p>Le P\u00e9riscope est un bulletin produit par le\u00a0secteur Surveillance de l\u2019\u00e9tat de sant\u00e9 de la population de la Direction de sant\u00e9 publique de la Mont\u00e9r\u00e9gie.<\/p>\n","protected":false},"excerpt":{"rendered":"<p>La s\u00e9curit\u00e9 est un pr\u00e9alable au maintien et \u00e0 l&rsquo;am\u00e9lioration de l&rsquo;\u00e9tat de sant\u00e9 de la population. Qu&rsquo;en est-il en Mont\u00e9r\u00e9gie? Dans ce premier bulletin de l&rsquo;ann\u00e9e, vous trouverez quelques faits saillants sur la situation de la criminalit\u00e9 en Mont\u00e9r\u00e9gie. &hellip; <a href=\"https:\/\/santemc.quebec\/icentre\/bulletin-periscope-la-criminalite-un-portrait-plus-favorable-en-monteregie\/\">Continuer la lecture <span class=\"meta-nav\">&rarr;<\/span><\/a><\/p>\n","protected":false},"author":1,"featured_media":0,"comment_status":"open","ping_status":"closed","sticky":false,"template":"","format":"standard","meta":{"footnotes":""},"categories":[1],"tags":[44],"_links":{"self":[{"href":"https:\/\/santemc.quebec\/icentre\/wp-json\/wp\/v2\/posts\/2875"}],"collection":[{"href":"https:\/\/santemc.quebec\/icentre\/wp-json\/wp\/v2\/posts"}],"about":[{"href":"https:\/\/santemc.quebec\/icentre\/wp-json\/wp\/v2\/types\/post"}],"author":[{"embeddable":true,"href":"https:\/\/santemc.quebec\/icentre\/wp-json\/wp\/v2\/users\/1"}],"replies":[{"embeddable":true,"href":"https:\/\/santemc.quebec\/icentre\/wp-json\/wp\/v2\/comments?post=2875"}],"version-history":[{"count":4,"href":"https:\/\/santemc.quebec\/icentre\/wp-json\/wp\/v2\/posts\/2875\/revisions"}],"predecessor-version":[{"id":2880,"href":"https:\/\/santemc.quebec\/icentre\/wp-json\/wp\/v2\/posts\/2875\/revisions\/2880"}],"wp:attachment":[{"href":"https:\/\/santemc.quebec\/icentre\/wp-json\/wp\/v2\/media?parent=2875"}],"wp:term":[{"taxonomy":"category","embeddable":true,"href":"https:\/\/santemc.quebec\/icentre\/wp-json\/wp\/v2\/categories?post=2875"},{"taxonomy":"post_tag","embeddable":true,"href":"https:\/\/santemc.quebec\/icentre\/wp-json\/wp\/v2\/tags?post=2875"}],"curies":[{"name":"wp","href":"https:\/\/api.w.org\/{rel}","templated":true}]}}