{"id":2882,"date":"2016-09-20T15:29:52","date_gmt":"2016-09-20T19:29:52","guid":{"rendered":"http:\/\/santemc.quebec\/icentre\/?p=2882"},"modified":"2016-09-20T15:35:33","modified_gmt":"2016-09-20T19:35:33","slug":"hommage-aux-docteurs-yvon-menard-et-jean-marc-lepage","status":"publish","type":"post","link":"https:\/\/santemc.quebec\/icentre\/hommage-aux-docteurs-yvon-menard-et-jean-marc-lepage\/","title":{"rendered":"Hommage aux docteurs Yvon M\u00e9nard et Jean-Marc Lepage"},"content":{"rendered":"<div id=\"attachment_2883\" style=\"width: 160px\" class=\"wp-caption alignleft\"><a href=\"http:\/\/santemc.quebec\/santemc\/icentre\/wp-content\/uploads\/2016\/09\/PIC_0016H_leger.jpg\"><img aria-describedby=\"caption-attachment-2883\" decoding=\"async\" loading=\"lazy\" class=\"wp-image-2883 size-thumbnail\" src=\"http:\/\/santemc.quebec\/santemc\/icentre\/wp-content\/uploads\/2016\/09\/PIC_0016H_leger-150x150.jpg\" alt=\"pic_0016h_leger\" width=\"150\" height=\"150\" \/><\/a><p id=\"caption-attachment-2883\" class=\"wp-caption-text\">Sur la photo, dans l\u2019ordre habituel : Dr G\u00e9rard Lemay, pr\u00e9sident du CMDP, Dr Jean-Marc-Lepage, jubilaire, M. Richard Deschamps, PDG du CISSS, Dr Yvon M\u00e9nard, jubilaire, Mme Nicole M\u00e9nard, d\u00e9put\u00e9e de Laporte et pr\u00e9sidente du caucus du gouvernement, et M. Pierre Boucher, pr\u00e9sident du C. A. du CISSS.<\/p><\/div>\n<p>Le 14 septembre dernier, l\u2019H\u00f4pital Charles-Le Moyne rendait honneur \u00e0 deux de ses b\u00e2tisseurs cumulant chacun 50 ans de service\u00a0cette ann\u00e9e : les docteurs Yvon M\u00e9nard et Jean-Marc Lepage.\u00a0Dans le cadre de son 50<sup>e<\/sup> anniversaire, l\u2019\u00e9tablissement souhaitait marquer de mani\u00e8re significative l\u2019apport de ces m\u00e9decins pr\u00e9sents depuis les tout d\u00e9buts de l\u2019h\u00f4pital en 1966. <!--more-->Pour leur rendre hommage, quelques convives \u00e9taient rassembl\u00e9s \u00e0 un \u00e9v\u00e9nement au cours duquel une plaque de bronze honorifique, qui sera prochainement install\u00e9e dans le hall d\u2019entr\u00e9e, leur a \u00e9t\u00e9 d\u00e9voil\u00e9e. Pour l\u2019occasion, chacun des m\u00e9decins s\u2019est \u00e9galement vu remettre un certificat d\u2019honneur en provenance de l\u2019Assembl\u00e9e nationale de la part de Mme Nicole M\u00e9nard, d\u00e9put\u00e9e de Laporte et pr\u00e9sidente du caucus du gouvernement.<\/p>\n<p>Les docteurs M\u00e9nard et Lepage ont jou\u00e9 un r\u00f4le marquant dans l\u2019\u00e9volution de l\u2019H\u00f4pital Charles-Le Moyne et de son offre de soins et services aux usagers. Le docteur M\u00e9nard a d\u2019abord \u0153uvr\u00e9 \u00e0 l\u2019urgence pour poursuivre sa carri\u00e8re au D\u00e9partement de psychiatrie. Il s\u2019est \u00e9galement impliqu\u00e9 durant plusieurs ann\u00e9es \u00e0 la pr\u00e9sidence de l\u2019ancienne Commission r\u00e9gionale m\u00e9dicale. Quant au docteur Lepage, il a principalement \u0153uvr\u00e9 au D\u00e9partement de p\u00e9diatrie. Il a \u00e9galement agit \u00e0 titre de pr\u00e9sident du CMDP durant 15 ans et a \u00e9t\u00e9 l\u2019un des instigateurs de l\u2019affiliation universitaire. \u00a0En outre, tous deux ont \u00e9t\u00e9 fort engag\u00e9s dans diff\u00e9rents projets de d\u00e9veloppement de l\u2019organisation au fil des ans, notamment sa premi\u00e8re campagne de souscription majeure au cours des ann\u00e9es 80.<\/p>\n<p>Au nom des membres du conseil d\u2019administration ainsi qu\u2019en mon nom, je tiens \u00e0 f\u00e9liciter et \u00e0 remercier les docteurs M\u00e9nard et Lepage de leur apport exceptionnel. En cette ann\u00e9e de c\u00e9l\u00e9brations, 50 ann\u00e9es de service constituent un accomplissement porteur de fiert\u00e9. Pour les g\u00e9n\u00e9rations \u00e0 suivre, ces b\u00e2tisseurs repr\u00e9senteront un exemple de d\u00e9vouement qui laissera son empreinte dans l\u2019histoire de l\u2019h\u00f4pital.<\/p>\n<p>Richard Deschamps, pr\u00e9sident-directeur g\u00e9n\u00e9ral<\/p>\n","protected":false},"excerpt":{"rendered":"<p>Le 14 septembre dernier, l\u2019H\u00f4pital Charles-Le Moyne rendait honneur \u00e0 deux de ses b\u00e2tisseurs cumulant chacun 50 ans de service\u00a0cette ann\u00e9e : les docteurs Yvon M\u00e9nard et Jean-Marc Lepage.\u00a0Dans le cadre de son 50e anniversaire, l\u2019\u00e9tablissement souhaitait marquer de mani\u00e8re &hellip; <a href=\"https:\/\/santemc.quebec\/icentre\/hommage-aux-docteurs-yvon-menard-et-jean-marc-lepage\/\">Continuer la lecture <span class=\"meta-nav\">&rarr;<\/span><\/a><\/p>\n","protected":false},"author":2,"featured_media":0,"comment_status":"open","ping_status":"closed","sticky":false,"template":"","format":"standard","meta":{"footnotes":""},"categories":[1],"tags":[],"_links":{"self":[{"href":"https:\/\/santemc.quebec\/icentre\/wp-json\/wp\/v2\/posts\/2882"}],"collection":[{"href":"https:\/\/santemc.quebec\/icentre\/wp-json\/wp\/v2\/posts"}],"about":[{"href":"https:\/\/santemc.quebec\/icentre\/wp-json\/wp\/v2\/types\/post"}],"author":[{"embeddable":true,"href":"https:\/\/santemc.quebec\/icentre\/wp-json\/wp\/v2\/users\/2"}],"replies":[{"embeddable":true,"href":"https:\/\/santemc.quebec\/icentre\/wp-json\/wp\/v2\/comments?post=2882"}],"version-history":[{"count":7,"href":"https:\/\/santemc.quebec\/icentre\/wp-json\/wp\/v2\/posts\/2882\/revisions"}],"predecessor-version":[{"id":2890,"href":"https:\/\/santemc.quebec\/icentre\/wp-json\/wp\/v2\/posts\/2882\/revisions\/2890"}],"wp:attachment":[{"href":"https:\/\/santemc.quebec\/icentre\/wp-json\/wp\/v2\/media?parent=2882"}],"wp:term":[{"taxonomy":"category","embeddable":true,"href":"https:\/\/santemc.quebec\/icentre\/wp-json\/wp\/v2\/categories?post=2882"},{"taxonomy":"post_tag","embeddable":true,"href":"https:\/\/santemc.quebec\/icentre\/wp-json\/wp\/v2\/tags?post=2882"}],"curies":[{"name":"wp","href":"https:\/\/api.w.org\/{rel}","templated":true}]}}