{"id":28899,"date":"2019-06-19T08:28:00","date_gmt":"2019-06-19T12:28:00","guid":{"rendered":"http:\/\/santemc.quebec\/icentre\/?p=28899"},"modified":"2019-06-19T08:28:00","modified_gmt":"2019-06-19T12:28:00","slug":"les-terrasses-des-chsld-gertrude-lafrance-et-champagnat-inaugurees-lundi","status":"publish","type":"post","link":"https:\/\/santemc.quebec\/icentre\/les-terrasses-des-chsld-gertrude-lafrance-et-champagnat-inaugurees-lundi\/","title":{"rendered":"Les terrasses des CHSLD Gertrude-Lafrance et Champagnat inaugur\u00e9es lundi"},"content":{"rendered":"<div id=\"attachment_28934\" style=\"width: 310px\" class=\"wp-caption alignleft\"><a href=\"http:\/\/santemc.quebec\/santemc\/icentre\/wp-content\/uploads\/2019\/06\/terrasse_CHSLD_1.jpg\"><img aria-describedby=\"caption-attachment-28934\" decoding=\"async\" loading=\"lazy\" class=\"size-medium wp-image-28934\" src=\"http:\/\/santemc.quebec\/santemc\/icentre\/wp-content\/uploads\/2019\/06\/terrasse_CHSLD_1-300x225.jpg\" alt=\"\" width=\"300\" height=\"225\" srcset=\"https:\/\/santemc.quebec\/santemc\/icentre\/wp-content\/uploads\/2019\/06\/terrasse_CHSLD_1-300x225.jpg 300w, https:\/\/santemc.quebec\/santemc\/icentre\/wp-content\/uploads\/2019\/06\/terrasse_CHSLD_1-768x576.jpg 768w, https:\/\/santemc.quebec\/santemc\/icentre\/wp-content\/uploads\/2019\/06\/terrasse_CHSLD_1-1024x768.jpg 1024w, https:\/\/santemc.quebec\/santemc\/icentre\/wp-content\/uploads\/2019\/06\/terrasse_CHSLD_1-400x300.jpg 400w, https:\/\/santemc.quebec\/santemc\/icentre\/wp-content\/uploads\/2019\/06\/terrasse_CHSLD_1.jpg 1280w\" sizes=\"(max-width: 300px) 100vw, 300px\" \/><\/a><p id=\"caption-attachment-28934\" class=\"wp-caption-text\">L\u00e9ona Brooks passe du temps avec son mari Armand Allaire, r\u00e9sident de Champagnat, dans les balan\u00e7oires adapt\u00e9es install\u00e9es sur la terrasse du CHSLD.<\/p><\/div>\n<p>Les terrasses ext\u00e9rieures des centres d\u2019h\u00e9bergement et de soins de longue dur\u00e9e Gertrude-Lafrance et Champagnat ont \u00e9t\u00e9 inaugur\u00e9es dans une ambiance festive lundi matin en pr\u00e9sence de membres de la direction, des chefs d\u2019unit\u00e9 et de r\u00e9sidents.<\/p>\n<p><!--more--><\/p>\n<p>En 2017, pr\u00e8s de 3\u00a0000 g\u00e9n\u00e9reuses personnes ont r\u00e9pondu \u00e0 l\u2019appel lors de la campagne postale organis\u00e9e par la Fondation Sant\u00e9. Gr\u00e2ce \u00e0 leur contribution, plus de 200\u00a0000 $ ont \u00e9t\u00e9 amass\u00e9s afin d\u2019offrir ces nouveaux espaces de vie en cadeau aux r\u00e9sidents.<\/p>\n<p>Les nouvelles terrasses sont d\u00e9sormais beaucoup plus spacieuses, fonctionnelles et adapt\u00e9es aux besoins des usagers. Les vieux pav\u00e9s unis ont disparu pour laisser place \u00e0 une dalle de b\u00e9ton qui facilite la circulation des fauteuils roulants. Le mobilier d\u00e9suet a \u00e9t\u00e9 remplac\u00e9 par du mat\u00e9riel de qualit\u00e9 et mieux adapt\u00e9 \u00e0 la client\u00e8le. De plus, de nouveaux abris ont \u00e9t\u00e9 ajout\u00e9s pour permettre aux r\u00e9sidents de profiter d\u2019espaces ombrag\u00e9s et des fleurs ont \u00e9t\u00e9 plant\u00e9es pour \u00e9gayer les lieux.<\/p>\n<p>\u00ab\u00a0La sant\u00e9, c\u2019est aussi la possibilit\u00e9 de vivre des petits moments de bonheur au quotidien et d\u2019avoir la chance de profiter d\u2019une belle qualit\u00e9 de vie. Savoir que les r\u00e9sidents profitent beaucoup plus des espaces ext\u00e9rieurs depuis que les terrasses sont r\u00e9am\u00e9nag\u00e9es, c\u2019est extr\u00eamement pr\u00e9cieux pour nous \u00bb, souligne Douglas Clarke, pr\u00e9sident du conseil d\u2019administration de la Fondation Sant\u00e9.<\/p>\n<p>\u00ab Nous remercions la Fondation Sant\u00e9 et tous les donateurs qui nous ont permis d\u2019am\u00e9nager des terrasses ombrag\u00e9es, confortables et pourvues des \u00e9quipements adapt\u00e9s \u00e0 nos r\u00e9sidents en fauteuil roulant, ce qui am\u00e9liore la qualit\u00e9 de vie de tous nos r\u00e9sidents \u00bb, fait valoir Lyne Marquis, directrice g\u00e9n\u00e9rale adjointe des programmes sociaux, r\u00e9adaptation et canc\u00e9rologie au CISSS de la Mont\u00e9r\u00e9gie-Centre.<\/p>\n<div id=\"attachment_28935\" style=\"width: 310px\" class=\"wp-caption aligncenter\"><a href=\"http:\/\/santemc.quebec\/santemc\/icentre\/wp-content\/uploads\/2019\/06\/terrasse_CHSLD_2.jpg\"><img aria-describedby=\"caption-attachment-28935\" decoding=\"async\" loading=\"lazy\" class=\"size-medium wp-image-28935\" src=\"http:\/\/santemc.quebec\/santemc\/icentre\/wp-content\/uploads\/2019\/06\/terrasse_CHSLD_2-300x225.jpg\" alt=\"\" width=\"300\" height=\"225\" srcset=\"https:\/\/santemc.quebec\/santemc\/icentre\/wp-content\/uploads\/2019\/06\/terrasse_CHSLD_2-300x225.jpg 300w, https:\/\/santemc.quebec\/santemc\/icentre\/wp-content\/uploads\/2019\/06\/terrasse_CHSLD_2-768x576.jpg 768w, https:\/\/santemc.quebec\/santemc\/icentre\/wp-content\/uploads\/2019\/06\/terrasse_CHSLD_2-1024x768.jpg 1024w, https:\/\/santemc.quebec\/santemc\/icentre\/wp-content\/uploads\/2019\/06\/terrasse_CHSLD_2-400x300.jpg 400w, https:\/\/santemc.quebec\/santemc\/icentre\/wp-content\/uploads\/2019\/06\/terrasse_CHSLD_2.jpg 1280w\" sizes=\"(max-width: 300px) 100vw, 300px\" \/><\/a><p id=\"caption-attachment-28935\" class=\"wp-caption-text\">La terrasse du CHSLD Champagnat a \u00e9t\u00e9 inaugur\u00e9e lundi matin en pr\u00e9sence de (\u00e0 l\u2019avant), Nathalie Falardeau, chef d\u2019unit\u00e9; Lyne Marquis directrice g\u00e9n\u00e9rale adjointe des programmes sociaux, r\u00e9adaptation et canc\u00e9rologie; Marie-Andr\u00e9e Dion, r\u00e9sidente; H\u00e9l\u00e8ne Duval, directrice du programme soutien \u00e0 l\u2019autonomie des personnes \u00e2g\u00e9es, (rang\u00e9e arri\u00e8re); Douglas Clarke, pr\u00e9sident du conseil d\u2019administration de la Fondation Sant\u00e9 et Jonathan Deslippes, chef d\u2019unit\u00e9.<\/p><\/div>\n","protected":false},"excerpt":{"rendered":"<p>Les terrasses ext\u00e9rieures des centres d\u2019h\u00e9bergement et de soins de longue dur\u00e9e Gertrude-Lafrance et Champagnat ont \u00e9t\u00e9 inaugur\u00e9es dans une ambiance festive lundi matin en pr\u00e9sence de membres de la direction, des chefs d\u2019unit\u00e9 et de r\u00e9sidents.<\/p>\n","protected":false},"author":9,"featured_media":0,"comment_status":"open","ping_status":"closed","sticky":false,"template":"","format":"standard","meta":{"footnotes":""},"categories":[1],"tags":[],"_links":{"self":[{"href":"https:\/\/santemc.quebec\/icentre\/wp-json\/wp\/v2\/posts\/28899"}],"collection":[{"href":"https:\/\/santemc.quebec\/icentre\/wp-json\/wp\/v2\/posts"}],"about":[{"href":"https:\/\/santemc.quebec\/icentre\/wp-json\/wp\/v2\/types\/post"}],"author":[{"embeddable":true,"href":"https:\/\/santemc.quebec\/icentre\/wp-json\/wp\/v2\/users\/9"}],"replies":[{"embeddable":true,"href":"https:\/\/santemc.quebec\/icentre\/wp-json\/wp\/v2\/comments?post=28899"}],"version-history":[{"count":1,"href":"https:\/\/santemc.quebec\/icentre\/wp-json\/wp\/v2\/posts\/28899\/revisions"}],"predecessor-version":[{"id":28936,"href":"https:\/\/santemc.quebec\/icentre\/wp-json\/wp\/v2\/posts\/28899\/revisions\/28936"}],"wp:attachment":[{"href":"https:\/\/santemc.quebec\/icentre\/wp-json\/wp\/v2\/media?parent=28899"}],"wp:term":[{"taxonomy":"category","embeddable":true,"href":"https:\/\/santemc.quebec\/icentre\/wp-json\/wp\/v2\/categories?post=28899"},{"taxonomy":"post_tag","embeddable":true,"href":"https:\/\/santemc.quebec\/icentre\/wp-json\/wp\/v2\/tags?post=28899"}],"curies":[{"name":"wp","href":"https:\/\/api.w.org\/{rel}","templated":true}]}}