{"id":28937,"date":"2019-06-19T15:59:11","date_gmt":"2019-06-19T19:59:11","guid":{"rendered":"http:\/\/santemc.quebec\/icentre\/?p=28937"},"modified":"2019-06-20T08:37:24","modified_gmt":"2019-06-20T12:37:24","slug":"dominique-sauve-transmettre-son-gout-de-vivre","status":"publish","type":"post","link":"https:\/\/santemc.quebec\/icentre\/dominique-sauve-transmettre-son-gout-de-vivre\/","title":{"rendered":"Dominique Sauv\u00e9 : transmettre son go\u00fbt de vivre"},"content":{"rendered":"<div id=\"attachment_28938\" style=\"width: 310px\" class=\"wp-caption alignleft\"><a href=\"http:\/\/santemc.quebec\/santemc\/icentre\/wp-content\/uploads\/2019\/06\/Dominique_Sauve_3.jpg\"><img aria-describedby=\"caption-attachment-28938\" decoding=\"async\" loading=\"lazy\" class=\"size-medium wp-image-28938\" src=\"http:\/\/santemc.quebec\/santemc\/icentre\/wp-content\/uploads\/2019\/06\/Dominique_Sauve_3-300x296.jpg\" alt=\"\" width=\"300\" height=\"296\" srcset=\"https:\/\/santemc.quebec\/santemc\/icentre\/wp-content\/uploads\/2019\/06\/Dominique_Sauve_3-300x296.jpg 300w, https:\/\/santemc.quebec\/santemc\/icentre\/wp-content\/uploads\/2019\/06\/Dominique_Sauve_3-304x300.jpg 304w, https:\/\/santemc.quebec\/santemc\/icentre\/wp-content\/uploads\/2019\/06\/Dominique_Sauve_3.jpg 672w\" sizes=\"(max-width: 300px) 100vw, 300px\" \/><\/a><p id=\"caption-attachment-28938\" class=\"wp-caption-text\">Dominique a d\u00e9cid\u00e9 de profiter de chaque journ\u00e9e, de chaque heure, de chaque seconde et de transmettre \u00e0 son gar\u00e7on et sa fille son go\u00fbt de vivre.<\/p><\/div>\n<p>Au cours des derni\u00e8res semaines, la Fondation H\u00f4pital Charles-LeMoyne a fait appel \u00e0 vous pour nous mettre en contact avec des patients atteints de cancer pr\u00eats \u00e0 partager leur histoire.<\/p>\n<p><!--more--><\/p>\n<p>Vous avez \u00e9t\u00e9 nombreux \u00e0 r\u00e9pondre \u00e0 l\u2019appel et nous vous en remercions grandement! Vous nous avez fait rencontrer des gens tr\u00e8s inspirants souhaitant t\u00e9moigner des soins extraordinaires qu\u2019ils ont re\u00e7us et de l\u2019impact de la mobilisation de la communaut\u00e9. Nous partagerons avec vous ces histoires touchantes qui nous rappellent pour qui nous rel\u00e8verons le D\u00e9fi des g\u00e9n\u00e9rations contre le cancer le 28 septembre prochain.<\/p>\n<p>Notre premier t\u00e9moignage est celui de Dominique Sauv\u00e9, secr\u00e9taire en pathologie \u00e0 l\u2019H\u00f4pital Charles-Le Moyne. Malgr\u00e9 un d\u00e9nouement qui n\u2019\u00e9tait pas celui esp\u00e9r\u00e9 \u2013 et qui a \u00e9t\u00e9 appris au moment d\u2019\u00e9crire ces lignes \u2013 Dominique a souhait\u00e9 partager son histoire pour rappeler que m\u00eame lorsque la fin n\u2019est pas celle que l\u2019on voudrait, l\u2019aide apport\u00e9e durant le parcours de patient fait une r\u00e9elle diff\u00e9rence. Et dans son cas, le soutien vient principalement de sa deuxi\u00e8me famille\u00a0: l\u2019\u00e9quipe de la pathologie et des laboratoires.<\/p>\n<p><strong>Quand la vie bascule mais que le go\u00fbt de vivre reste<br \/>\n<\/strong><\/p>\n<p>Jeune maman au d\u00e9but de la trentaine, Dominique Sauv\u00e9 \u00e9tait heureuse de retrouver, en septembre 2016, son poste de secr\u00e9taire en pathologie \u00e0 l\u2019H\u00f4pital apr\u00e8s son second cong\u00e9 de maternit\u00e9. Elle ne se doutait toutefois pas que ce retour au travail serait de courte dur\u00e9e.<\/p>\n<p>Des maux de ventre sont apparus, puis se sont intensifi\u00e9s. Des naus\u00e9es, de la fatigue et de l\u2019an\u00e9mie se sont ajout\u00e9es. En quelques semaines, son \u00e9tat est devenu alarmant. Apr\u00e8s plusieurs tests et beaucoup d\u2019investigation, le diagnostic est tomb\u00e9\u00a0: cancer de l\u2019intestin.<\/p>\n<p>Dominique a rassembl\u00e9 tout son courage et a affront\u00e9 les (trop!) nombreuses \u00e9preuves que la vie lui a envoy\u00e9es, \u00e0 elle et sa famille, au cours des trois derni\u00e8res ann\u00e9es. Premier cancer, probl\u00e8mes financiers, rupture d\u2019an\u00e9vrisme et d\u00e9pression de son conjoint, deuxi\u00e8me cancer, etc.<\/p>\n<p>Apr\u00e8s une ultime intervention, la mauvaise nouvelle est tomb\u00e9e\u00a0: le cancer est revenu pour une troisi\u00e8me fois et l\u2019espoir de gu\u00e9rison compl\u00e8te n\u2019existe plus.<\/p>\n<p>Malgr\u00e9 les \u00e9preuves qui se sont accumul\u00e9es, Dominique a toujours eu la chance d\u2019\u00eatre tr\u00e8s bien entour\u00e9e, autant \u00e0 la maison qu\u2019au travail. Ses pr\u00e9cieux coll\u00e8gues se sont mobilis\u00e9s pour la soutenir d\u00e8s les tout d\u00e9buts et continuent de le faire encore aujourd\u2019hui. Dominique leur en est infiniment reconnaissante. <em>\u00ab\u00a0Cette aide inestimable me permet aujourd\u2019hui de profiter de chaque journ\u00e9e, de chaque heure, de chaque seconde et de transmettre \u00e0 mes enfants mon go\u00fbt de vivre.\u00a0\u00bb<\/em><\/p>\n<p><strong>\u00a0<\/strong><strong>Une deuxi\u00e8me \u00ab famille \u00bb qui fait la diff\u00e9rence<br \/>\n<\/strong>Se mobiliser pour une coll\u00e8gue qui vit des moments difficiles, \u00e7a allait de soi pour toute l\u2019\u00e9quipe de la pathologie et des laboratoires. Et encore plus quand il s\u2019agit d\u2019une jeune maman de deux enfants en bas \u00e2ge.<\/p>\n<div id=\"attachment_28939\" style=\"width: 310px\" class=\"wp-caption alignright\"><a href=\"http:\/\/santemc.quebec\/santemc\/icentre\/wp-content\/uploads\/2019\/06\/equipe_pathologie.jpg\"><img aria-describedby=\"caption-attachment-28939\" decoding=\"async\" loading=\"lazy\" class=\"size-medium wp-image-28939\" src=\"http:\/\/santemc.quebec\/santemc\/icentre\/wp-content\/uploads\/2019\/06\/equipe_pathologie-300x225.jpg\" alt=\"\" width=\"300\" height=\"225\" srcset=\"https:\/\/santemc.quebec\/santemc\/icentre\/wp-content\/uploads\/2019\/06\/equipe_pathologie-300x225.jpg 300w, https:\/\/santemc.quebec\/santemc\/icentre\/wp-content\/uploads\/2019\/06\/equipe_pathologie-768x576.jpg 768w, https:\/\/santemc.quebec\/santemc\/icentre\/wp-content\/uploads\/2019\/06\/equipe_pathologie-1024x768.jpg 1024w, https:\/\/santemc.quebec\/santemc\/icentre\/wp-content\/uploads\/2019\/06\/equipe_pathologie-400x300.jpg 400w, https:\/\/santemc.quebec\/santemc\/icentre\/wp-content\/uploads\/2019\/06\/equipe_pathologie.jpg 1280w\" sizes=\"(max-width: 300px) 100vw, 300px\" \/><\/a><p id=\"caption-attachment-28939\" class=\"wp-caption-text\">Avant ses op\u00e9rations, ses coll\u00e8gues lui envoyaient des photos d\u2019encouragement, une grosse dose d\u2019amour pour Dominique!<\/p><\/div>\n<p>Collectes d\u2019argent, plats cuisin\u00e9s, achats de jouets, week-end de peinture chez elle, les actions d\u2019une vingtaine de ses coll\u00e8gues pour soutenir Dominique se sont multipli\u00e9es au cours des trois derni\u00e8res ann\u00e9es. Et c\u2019est sans compter leur participation au D\u00e9fi des g\u00e9n\u00e9rations contre le cancer, pour lui rappeler qu\u2019ils sont tous derri\u00e8re elle!<\/p>\n<p>\u00ab<em>Elle perd jamais le moral, elle ne se plaint pas, on lui l\u00e8ve notre chapeau toute la gang. Elle est vraiment incroyable&#8230;<\/em> \u00bb, a mentionn\u00e9 sa coll\u00e8gue \u00c9laine Beaudry, qui s\u2019est fait la porte-parole de toute l\u2019\u00e9quipe de travail de Dominique.<\/p>\n<p>Lorsque l\u2019on demande \u00e0 l\u2019\u00e9quipe de la pathologie\u00a0:\u00a0\u00ab\u00a0Pour qui relevez-vous le D\u00e9fi?\u00a0\u00bb, ses coll\u00e8gues n\u2019h\u00e9sitent pas une seconde et r\u00e9pondent naturellement\u2026 pour \u00ab\u00a0notre\u00a0\u00bb Dominique!<\/p>\n<p>Pour en savoir plus sur le D\u00e9fi : <\/p>\n","protected":false},"excerpt":{"rendered":"<p>Au cours des derni\u00e8res semaines, la Fondation H\u00f4pital Charles-LeMoyne a fait appel \u00e0 vous pour nous mettre en contact avec des patients atteints de cancer pr\u00eats \u00e0 partager leur histoire.<\/p>\n","protected":false},"author":9,"featured_media":0,"comment_status":"open","ping_status":"closed","sticky":false,"template":"","format":"standard","meta":{"footnotes":""},"categories":[1],"tags":[],"_links":{"self":[{"href":"https:\/\/santemc.quebec\/icentre\/wp-json\/wp\/v2\/posts\/28937"}],"collection":[{"href":"https:\/\/santemc.quebec\/icentre\/wp-json\/wp\/v2\/posts"}],"about":[{"href":"https:\/\/santemc.quebec\/icentre\/wp-json\/wp\/v2\/types\/post"}],"author":[{"embeddable":true,"href":"https:\/\/santemc.quebec\/icentre\/wp-json\/wp\/v2\/users\/9"}],"replies":[{"embeddable":true,"href":"https:\/\/santemc.quebec\/icentre\/wp-json\/wp\/v2\/comments?post=28937"}],"version-history":[{"count":3,"href":"https:\/\/santemc.quebec\/icentre\/wp-json\/wp\/v2\/posts\/28937\/revisions"}],"predecessor-version":[{"id":31619,"href":"https:\/\/santemc.quebec\/icentre\/wp-json\/wp\/v2\/posts\/28937\/revisions\/31619"}],"wp:attachment":[{"href":"https:\/\/santemc.quebec\/icentre\/wp-json\/wp\/v2\/media?parent=28937"}],"wp:term":[{"taxonomy":"category","embeddable":true,"href":"https:\/\/santemc.quebec\/icentre\/wp-json\/wp\/v2\/categories?post=28937"},{"taxonomy":"post_tag","embeddable":true,"href":"https:\/\/santemc.quebec\/icentre\/wp-json\/wp\/v2\/tags?post=28937"}],"curies":[{"name":"wp","href":"https:\/\/api.w.org\/{rel}","templated":true}]}}