{"id":2896,"date":"2016-09-21T14:59:28","date_gmt":"2016-09-21T18:59:28","guid":{"rendered":"http:\/\/santemc.quebec\/icentre\/?p=2896"},"modified":"2016-09-21T15:00:00","modified_gmt":"2016-09-21T19:00:00","slug":"de-garde-247-la-passion-de-nos-professionnels-et-medecins-recompensee","status":"publish","type":"post","link":"https:\/\/santemc.quebec\/icentre\/de-garde-247-la-passion-de-nos-professionnels-et-medecins-recompensee\/","title":{"rendered":"De garde 24\/7\u00a0: la passion de nos professionnels et m\u00e9decins r\u00e9compens\u00e9e"},"content":{"rendered":"<p>Dans le cadre du r\u00e9cent gala des prix G\u00e9meaux, la s\u00e9rie De garde 24\/7 tourn\u00e9e \u00e0 l\u2019H\u00f4pital Charles-Le Moyne s\u2019est illustr\u00e9e en recevant le G\u00e9meaux de la meilleure s\u00e9rie documentaire\u00a0: soci\u00e9t\u00e9. Cette r\u00e9compense souligne \u00e0 nouveau la grande g\u00e9n\u00e9rosit\u00e9 et l\u2019authenticit\u00e9 des professionnels et m\u00e9decins qui se sont investis dans chacun des tournages. Elle d\u00e9montre \u00e9galement toute la vocation dont chacun fait preuve, qualit\u00e9 qui a pu \u00eatre appr\u00e9ci\u00e9e par de nombreux t\u00e9l\u00e9spectateurs et qui a fait rayonner notre \u00e9tablissement.<!--more--><\/p>\n<p>\u00c0 l\u2019occasion de la soir\u00e9e de remise de prix, les docteurs Laurent Boisvert et Micha\u00ebl Bensoussan ont prouv\u00e9 une fois de plus leur passion en acceptant d\u2019accompagner sur sc\u00e8ne l&rsquo;animatrice Jos\u00e9e Boudreault, qui a \u00e9t\u00e9 victime d&rsquo;un accident vasculaire c\u00e9r\u00e9bral cet \u00e9t\u00e9. En plus de nous offrir un moment touchant de t\u00e9l\u00e9vision, ils ont repr\u00e9sent\u00e9 fi\u00e8rement notre \u00e9tablissement. Nous leur rendons cette fiert\u00e9.<\/p>\n<p>\u00c0 compter de cet hiver, l\u2019attachement qui s\u2019est d\u00e9velopp\u00e9 entre le public et l\u2019h\u00f4pital se poursuivra avec la diffusion de la deuxi\u00e8me saison de De garde 24\/7, pr\u00e9sentement en tournage. Les \u00e9chos que j\u2019en ai sont prometteurs\u00a0et je suis impatient de d\u00e9couvrir et red\u00e9couvrir le talent de nos \u00e9quipes.<\/p>\n<p>Merci \u00e0 tous ceux et celles qui collaborent \u00e0 ce projet mobilisateur.<\/p>\n<p>Richard Deschamps<\/p>\n","protected":false},"excerpt":{"rendered":"<p>Dans le cadre du r\u00e9cent gala des prix G\u00e9meaux, la s\u00e9rie De garde 24\/7 tourn\u00e9e \u00e0 l\u2019H\u00f4pital Charles-Le Moyne s\u2019est illustr\u00e9e en recevant le G\u00e9meaux de la meilleure s\u00e9rie documentaire\u00a0: soci\u00e9t\u00e9. Cette r\u00e9compense souligne \u00e0 nouveau la grande g\u00e9n\u00e9rosit\u00e9 et &hellip; <a href=\"https:\/\/santemc.quebec\/icentre\/de-garde-247-la-passion-de-nos-professionnels-et-medecins-recompensee\/\">Continuer la lecture <span class=\"meta-nav\">&rarr;<\/span><\/a><\/p>\n","protected":false},"author":2,"featured_media":0,"comment_status":"open","ping_status":"closed","sticky":false,"template":"","format":"standard","meta":{"footnotes":""},"categories":[1],"tags":[],"_links":{"self":[{"href":"https:\/\/santemc.quebec\/icentre\/wp-json\/wp\/v2\/posts\/2896"}],"collection":[{"href":"https:\/\/santemc.quebec\/icentre\/wp-json\/wp\/v2\/posts"}],"about":[{"href":"https:\/\/santemc.quebec\/icentre\/wp-json\/wp\/v2\/types\/post"}],"author":[{"embeddable":true,"href":"https:\/\/santemc.quebec\/icentre\/wp-json\/wp\/v2\/users\/2"}],"replies":[{"embeddable":true,"href":"https:\/\/santemc.quebec\/icentre\/wp-json\/wp\/v2\/comments?post=2896"}],"version-history":[{"count":2,"href":"https:\/\/santemc.quebec\/icentre\/wp-json\/wp\/v2\/posts\/2896\/revisions"}],"predecessor-version":[{"id":2898,"href":"https:\/\/santemc.quebec\/icentre\/wp-json\/wp\/v2\/posts\/2896\/revisions\/2898"}],"wp:attachment":[{"href":"https:\/\/santemc.quebec\/icentre\/wp-json\/wp\/v2\/media?parent=2896"}],"wp:term":[{"taxonomy":"category","embeddable":true,"href":"https:\/\/santemc.quebec\/icentre\/wp-json\/wp\/v2\/categories?post=2896"},{"taxonomy":"post_tag","embeddable":true,"href":"https:\/\/santemc.quebec\/icentre\/wp-json\/wp\/v2\/tags?post=2896"}],"curies":[{"name":"wp","href":"https:\/\/api.w.org\/{rel}","templated":true}]}}