{"id":2921,"date":"2016-09-23T15:15:45","date_gmt":"2016-09-23T19:15:45","guid":{"rendered":"http:\/\/santemc.quebec\/icentre\/?p=2921"},"modified":"2016-09-23T15:22:44","modified_gmt":"2016-09-23T19:22:44","slug":"info-domino-edition-du-23-septembre-7e-edition-du-bulletin-info-domino-loutil-dinformation-pour-connaitre-levolution-de-ce-projet-denvergure-pour-consulter-la","status":"publish","type":"post","link":"https:\/\/santemc.quebec\/icentre\/info-domino-edition-du-23-septembre-7e-edition-du-bulletin-info-domino-loutil-dinformation-pour-connaitre-levolution-de-ce-projet-denvergure-pour-consulter-la\/","title":{"rendered":"Info-Domino &#8211; \u00c9dition du 23 septembre"},"content":{"rendered":"<p><img decoding=\"async\" loading=\"lazy\" class=\"alignleft wp-image-2198\" src=\"http:\/\/santemc.quebec\/santemc\/icentre\/wp-content\/uploads\/2016\/05\/domino-768x173.jpg\" alt=\"domino\" width=\"800\" height=\"180\" srcset=\"https:\/\/santemc.quebec\/santemc\/icentre\/wp-content\/uploads\/2016\/05\/domino-768x173.jpg 768w, https:\/\/santemc.quebec\/santemc\/icentre\/wp-content\/uploads\/2016\/05\/domino-300x68.jpg 300w, https:\/\/santemc.quebec\/santemc\/icentre\/wp-content\/uploads\/2016\/05\/domino-1024x231.jpg 1024w, https:\/\/santemc.quebec\/santemc\/icentre\/wp-content\/uploads\/2016\/05\/domino-500x113.jpg 500w, https:\/\/santemc.quebec\/santemc\/icentre\/wp-content\/uploads\/2016\/05\/domino.jpg 1136w\" sizes=\"(max-width: 800px) 100vw, 800px\" \/><\/p>\n<p><strong><span style=\"color: #0000ff;\">8<sup>E<\/sup> \u00c9DITION DU BULLETIN INFO-DOMINO<br \/>\n<\/span><\/strong><span style=\"color: #0000ff;\">L\u2019outil d\u2019information pour conna\u00eetre l\u2019\u00e9volution de ce projet d\u2019envergure.<\/span><\/p>\n<p>Pour consulter la version PDF, <a href=\"http:\/\/santemc.quebec\/santemc\/icentre\/wp-content\/uploads\/2016\/09\/info-domino_23-septembre-2016.pdf\">cliquez ici<\/a>.<!--more--><\/p>\n<p><strong><span style=\"color: #0000ff;\">MOUVEMENTS D\u2019\u00c9QUIPES \u00c0 VENIR EN OCTOBRE<\/span><\/strong><\/p>\n<p><strong><a href=\"http:\/\/santemc.quebec\/santemc\/icentre\/wp-content\/uploads\/2016\/03\/IMG_4441-e1458238685494.jpg\"><img decoding=\"async\" loading=\"lazy\" class=\"alignright size-medium wp-image-1866\" src=\"http:\/\/santemc.quebec\/santemc\/icentre\/wp-content\/uploads\/2016\/03\/IMG_4441-300x200.jpg\" alt=\"IMG_4441\" width=\"300\" height=\"200\" \/><\/a>Direction des ressources financi\u00e8res (DRF), Service r\u00e9gional de la paie (Mont\u00e9r\u00e9gie-Ouest) &#8211; 11 octobre<\/strong><br \/>\nLa regroupement des \u00e9quipes du Service r\u00e9gional de la paie sera bient\u00f4t compl\u00e9t\u00e9 avec l\u2019ajout de deux membres du personnel provenant du CISSS de la Mont\u00e9r\u00e9gie-Ouest qui se joindront \u00e0 leurs coll\u00e8gues d\u00e9j\u00e0 pr\u00e9sents au 1255 Beauregard. Au total, ce sont 70 employ\u00e9s qui seront r\u00e9unis sous un m\u00eame toit afin d\u2019assurer un service \u00e0 la client\u00e8le uniforme et de qualit\u00e9 \u00e0 l\u2019ensemble du personnel de la Mont\u00e9r\u00e9gie.<\/p>\n<p><strong>Direction de la logistique, bureaux administratifs et Service des <a href=\"http:\/\/santemc.quebec\/santemc\/icentre\/wp-content\/uploads\/2016\/09\/2727.png\"><img decoding=\"async\" loading=\"lazy\" class=\"alignright size-medium wp-image-2928\" src=\"http:\/\/santemc.quebec\/santemc\/icentre\/wp-content\/uploads\/2016\/09\/2727-300x200.png\" alt=\"2727\" width=\"300\" height=\"200\" srcset=\"https:\/\/santemc.quebec\/santemc\/icentre\/wp-content\/uploads\/2016\/09\/2727-300x200.png 300w, https:\/\/santemc.quebec\/santemc\/icentre\/wp-content\/uploads\/2016\/09\/2727-449x300.png 449w, https:\/\/santemc.quebec\/santemc\/icentre\/wp-content\/uploads\/2016\/09\/2727.png 500w\" sizes=\"(max-width: 300px) 100vw, 300px\" \/><\/a>approvisionnements &#8211; 13 octobre<\/strong><br \/>\nLes \u00e9quipes du Service des approvisionnements pr\u00e9sentement situ\u00e9es au 700 rue Martel \u00e0 Richelieu ainsi qu\u2019au rez-de-chauss\u00e9e du 2727 Taschereau seront regroup\u00e9es au 3e \u00e9tage de cet immeuble. De plus, certains bureaux administratifs de la Direction logistique d\u00e9m\u00e9nageront au m\u00eame endroit.<\/p>\n<p><em>Veuillez consulter le prochain bulletin Info-Domino pour conna\u00eetre tous les d\u00e9tails des futures relocalisations.<\/em><\/p>\n<p>&nbsp;<\/p>\n<div style=\"background: #0000ff; padding: 10px; margin-top: 25px;\">\n<h4 style=\"color: #ffffff;\"><strong>Chaque espace compte<\/strong><\/h4>\n<\/div>\n<p>Dans le cadre du projet Domino, tous les espaces bureaux des installations sont r\u00e9pertori\u00e9s et d\u00e9di\u00e9s \u00e0 \u00eatre occup\u00e9s par un secteur ou une \u00e9quipe en particulier. Ainsi, nous vous demandons de ne pas occuper un bureau sans autorisation pr\u00e9alable. Merci de votre collaboration!<\/p>\n<div style=\"background: #ddd; padding: 10px; margin-top: 25px;\">\n<h4 style=\"color: #0000ff;\"><strong>DES QUESTIONS SUR CE PROJET?<\/strong><\/h4>\n<ul>\n<li>Par t\u00e9l\u00e9phone : 450 466-5000, poste 4004<\/li>\n<li>Par courriel : <a href=\"mailto:domino.cisssmc16@ssss.gouv.qc.ca\">domino.cisssmc16@ssss.gouv.qc.ca<\/a><\/li>\n<\/ul>\n<\/div>\n<p>&nbsp;<\/p>\n","protected":false},"excerpt":{"rendered":"<p>8E \u00c9DITION DU BULLETIN INFO-DOMINO L\u2019outil d\u2019information pour conna\u00eetre l\u2019\u00e9volution de ce projet d\u2019envergure. Pour consulter la version PDF, cliquez ici.<\/p>\n","protected":false},"author":1,"featured_media":0,"comment_status":"open","ping_status":"closed","sticky":false,"template":"","format":"standard","meta":{"footnotes":""},"categories":[1],"tags":[62],"_links":{"self":[{"href":"https:\/\/santemc.quebec\/icentre\/wp-json\/wp\/v2\/posts\/2921"}],"collection":[{"href":"https:\/\/santemc.quebec\/icentre\/wp-json\/wp\/v2\/posts"}],"about":[{"href":"https:\/\/santemc.quebec\/icentre\/wp-json\/wp\/v2\/types\/post"}],"author":[{"embeddable":true,"href":"https:\/\/santemc.quebec\/icentre\/wp-json\/wp\/v2\/users\/1"}],"replies":[{"embeddable":true,"href":"https:\/\/santemc.quebec\/icentre\/wp-json\/wp\/v2\/comments?post=2921"}],"version-history":[{"count":10,"href":"https:\/\/santemc.quebec\/icentre\/wp-json\/wp\/v2\/posts\/2921\/revisions"}],"predecessor-version":[{"id":2935,"href":"https:\/\/santemc.quebec\/icentre\/wp-json\/wp\/v2\/posts\/2921\/revisions\/2935"}],"wp:attachment":[{"href":"https:\/\/santemc.quebec\/icentre\/wp-json\/wp\/v2\/media?parent=2921"}],"wp:term":[{"taxonomy":"category","embeddable":true,"href":"https:\/\/santemc.quebec\/icentre\/wp-json\/wp\/v2\/categories?post=2921"},{"taxonomy":"post_tag","embeddable":true,"href":"https:\/\/santemc.quebec\/icentre\/wp-json\/wp\/v2\/tags?post=2921"}],"curies":[{"name":"wp","href":"https:\/\/api.w.org\/{rel}","templated":true}]}}