{"id":2989,"date":"2016-09-27T13:20:08","date_gmt":"2016-09-27T17:20:08","guid":{"rendered":"http:\/\/santemc.quebec\/icentre\/?p=2989"},"modified":"2016-09-27T13:51:44","modified_gmt":"2016-09-27T17:51:44","slug":"une-belle-mobilisation-autour-du-defi-je-bouge","status":"publish","type":"post","link":"https:\/\/santemc.quebec\/icentre\/une-belle-mobilisation-autour-du-defi-je-bouge\/","title":{"rendered":"Une belle mobilisation autour du d\u00e9fi Je bouge"},"content":{"rendered":"<div id=\"attachment_2990\" style=\"width: 160px\" class=\"wp-caption alignleft\"><a href=\"http:\/\/santemc.quebec\/santemc\/icentre\/wp-content\/uploads\/2016\/09\/Genis.jpeg\"><img aria-describedby=\"caption-attachment-2990\" decoding=\"async\" loading=\"lazy\" class=\"wp-image-2990 size-thumbnail\" src=\"http:\/\/santemc.quebec\/santemc\/icentre\/wp-content\/uploads\/2016\/09\/Genis-150x150.jpeg\" alt=\"genis\" width=\"150\" height=\"150\" \/><\/a><p id=\"caption-attachment-2990\" class=\"wp-caption-text\">De gauche \u00e0 droite : Pierre Gr\u00e9gory, conjoint d\u2019un membre du personnel, Charles-Denis St-Amour, sp\u00e9cialiste en proc\u00e9d\u00e9s administratifs, Philippe Laporte, coordonnateur \u2013 GBM Mont\u00e9r\u00e9gie et GBM local, Louis Lamontagne, directeur des Services techniques, du g\u00e9nie biom\u00e9dical et de l&rsquo;h\u00f4tellerie, Benoit Desch\u00eanes, chef de service \u2013 S\u00e9curit\u00e9 et stationnement, Claude P\u00e9russe, directeur adjoint \u2013 Services techniques \u2013 GBM Mont\u00e9r\u00e9gie et GBM local, et Fran\u00e7ois Billette, conseiller en b\u00e2timent.<\/p><\/div>\n<p>Le 10 septembre dernier avait lieu la dixi\u00e8me \u00e9dition du <em>d\u00e9fi Je bouge<\/em> au profit de la Fondation Sant\u00e9 Haut-Richelieu\u2014Rouville. Chaque ann\u00e9e, l\u2019activit\u00e9-b\u00e9n\u00e9fice, qui propose des \u00e9preuves de marche, de course et de v\u00e9lo, offre l\u2019occasion aux entreprises de la r\u00e9gion, dont notre CISSS, de former des \u00e9quipes pr\u00eates \u00e0 relever le d\u00e9fi pour la cause. Pour sa premi\u00e8re participation, soulignons que l\u2019\u00e9quipe des \u00ab\u00a0G\u00e9nies cliniques\u00a0\u00bb, compos\u00e9e de plusieurs membres de notre Direction des services techniques, a r\u00e9ussi son pari au 50 km \u00e0 v\u00e9lo, cat\u00e9gorie 23 \u00e0 27 km. F\u00e9licitations \u00e0 cette \u00e9quipe engag\u00e9e\u00a0!<!--more--><\/p>\n<p>Au final, l\u2019\u00e9v\u00e9nement aura rassembl\u00e9 pr\u00e8s de 4000 personnes, soit pr\u00e8s de 3000 participants aux d\u00e9fis sportifs, plus de 200 b\u00e9n\u00e9voles et des centaines de visiteurs venus profiter des activit\u00e9s gratuites sur le site de l\u2019\u00e9v\u00e9nement. Les profits r\u00e9alis\u00e9s permettront, entre autres, de compl\u00e9ter l\u2019engagement de 5 000 000 $ de la Fondation Sant\u00e9 envers le Centre M\u00e8re-Enfant de l\u2019H\u00f4pital du Haut-Richelieu.<\/p>\n","protected":false},"excerpt":{"rendered":"<p>Le 10 septembre dernier avait lieu la dixi\u00e8me \u00e9dition du d\u00e9fi Je bouge au profit de la Fondation Sant\u00e9 Haut-Richelieu\u2014Rouville. Chaque ann\u00e9e, l\u2019activit\u00e9-b\u00e9n\u00e9fice, qui propose des \u00e9preuves de marche, de course et de v\u00e9lo, offre l\u2019occasion aux entreprises de la &hellip; <a href=\"https:\/\/santemc.quebec\/icentre\/une-belle-mobilisation-autour-du-defi-je-bouge\/\">Continuer la lecture <span class=\"meta-nav\">&rarr;<\/span><\/a><\/p>\n","protected":false},"author":2,"featured_media":0,"comment_status":"open","ping_status":"closed","sticky":false,"template":"","format":"standard","meta":{"footnotes":""},"categories":[1],"tags":[],"_links":{"self":[{"href":"https:\/\/santemc.quebec\/icentre\/wp-json\/wp\/v2\/posts\/2989"}],"collection":[{"href":"https:\/\/santemc.quebec\/icentre\/wp-json\/wp\/v2\/posts"}],"about":[{"href":"https:\/\/santemc.quebec\/icentre\/wp-json\/wp\/v2\/types\/post"}],"author":[{"embeddable":true,"href":"https:\/\/santemc.quebec\/icentre\/wp-json\/wp\/v2\/users\/2"}],"replies":[{"embeddable":true,"href":"https:\/\/santemc.quebec\/icentre\/wp-json\/wp\/v2\/comments?post=2989"}],"version-history":[{"count":2,"href":"https:\/\/santemc.quebec\/icentre\/wp-json\/wp\/v2\/posts\/2989\/revisions"}],"predecessor-version":[{"id":2993,"href":"https:\/\/santemc.quebec\/icentre\/wp-json\/wp\/v2\/posts\/2989\/revisions\/2993"}],"wp:attachment":[{"href":"https:\/\/santemc.quebec\/icentre\/wp-json\/wp\/v2\/media?parent=2989"}],"wp:term":[{"taxonomy":"category","embeddable":true,"href":"https:\/\/santemc.quebec\/icentre\/wp-json\/wp\/v2\/categories?post=2989"},{"taxonomy":"post_tag","embeddable":true,"href":"https:\/\/santemc.quebec\/icentre\/wp-json\/wp\/v2\/tags?post=2989"}],"curies":[{"name":"wp","href":"https:\/\/api.w.org\/{rel}","templated":true}]}}