{"id":307,"date":"2015-05-27T11:41:21","date_gmt":"2015-05-27T15:41:21","guid":{"rendered":"http:\/\/santemc.quebec\/icentre\/?p=307"},"modified":"2015-05-27T11:41:21","modified_gmt":"2015-05-27T15:41:21","slug":"nomination-de-la-directrice-adjointe-a-la-dsi-qualite-et-evolution-de-la-pratique","status":"publish","type":"post","link":"https:\/\/santemc.quebec\/icentre\/nomination-de-la-directrice-adjointe-a-la-dsi-qualite-et-evolution-de-la-pratique\/","title":{"rendered":"Nomination de la directrice adjointe \u00e0 la DSI \u2013 Qualit\u00e9 et \u00e9volution de la pratique"},"content":{"rendered":"<p>C\u2019est avec plaisir que je vous annonce la nomination de madame Nancy Beaulieu au poste de directrice adjointe \u00e0 la Direction des soins infirmiers (DSI) \u2013 Qualit\u00e9 et \u00e9volution de la pratique pour le CISSS de la Mont\u00e9r\u00e9gie-Centre. Madame Beaulieu poss\u00e8de une solide formation, dont un baccalaur\u00e9at et une maitrise en sciences infirmi\u00e8res ainsi qu\u2019un dipl\u00f4me d&rsquo;\u00e9tudes sup\u00e9rieures sp\u00e9cialis\u00e9es en droit et politiques de la sant\u00e9. Elle a \u00e9galement termin\u00e9 un programme court de 2e cycle en gestion de la performance dans le syst\u00e8me de la sant\u00e9. Depuis mai 2014, elle \u00e9tait directrice des soins infirmiers et des programmes de sant\u00e9 publique au CSSS de la Haute-Yamaska. Auparavant, elle a notamment occup\u00e9 le poste de directrice des services de Sant\u00e9 physique au CSSS de Memphr\u00e9magog ainsi que les postes de chef de l\u2019administration des programmes sant\u00e9 ambulatoire et de premi\u00e8re ligne, et de conseill\u00e8re-cadre \u00e0 la qualit\u00e9 des services au CSSS La Pommeraie. Aussi, le projet \u00ab Enfants des rues \u00bb l\u2019a men\u00e9 \u00e0 oeuvrer plus d\u2019un an pour M\u00e9decins du monde France \u00e0 Kinshasa en R\u00e9publique D\u00e9mocratique du Congo.<!--more--><\/p>\n<p>Tout au long de sa carri\u00e8re, madame Beaulieu a d\u00e9velopp\u00e9 une exp\u00e9rience significative en gestion du changement ainsi qu\u2019en optimisation de l\u2019organisation du travail au sein de divers services. Elle favorise un mode d\u2019encadrement et de soutien clinique qui favorise le d\u00e9veloppement des comp\u00e9tences et le raisonnement clinique. Audacieuse, rigoureuse et dot\u00e9e d\u2019un sens des responsabilit\u00e9s d\u00e9velopp\u00e9, elle recherche constamment l\u2019efficience.<\/p>\n<p>Faisant preuve de leadership aupr\u00e8s des \u00e9quipes et des partenaires, madame Beaulieu s\u2019int\u00e9resse de mani\u00e8re particuli\u00e8re \u00e0 l\u2019engagement des patients dans l\u2019\u00e9pisode de soins afin d\u2019en faire un levier pour l\u2019am\u00e9lioration de l\u2019accessibilit\u00e9, la qualit\u00e9 et la continuit\u00e9 des soins et services \u00e0 la population. \u00c0 l\u2019\u00e9coute des besoins de la client\u00e8le et \u00e0 l\u2019affut des meilleures pratiques, elle s\u2019engage activement dans tous les projets qu\u2019elle entreprend.<\/p>\n<p>Nous sommes tr\u00e8s heureux qu\u2019elle se joigne \u00e0 l\u2019\u00e9quipe de direction du CISSS de la Mont\u00e9r\u00e9gie-Centre et nous lui souhaitons la meilleure des chances dans l\u2019exercice de ses nouvelles fonctions, et tout le succ\u00e8s voulu dans la poursuite de sa carri\u00e8re.<\/p>\n","protected":false},"excerpt":{"rendered":"<p>C\u2019est avec plaisir que je vous annonce la nomination de madame Nancy Beaulieu au poste de directrice adjointe \u00e0 la Direction des soins infirmiers (DSI) \u2013 Qualit\u00e9 et \u00e9volution de la pratique pour le CISSS de la Mont\u00e9r\u00e9gie-Centre. Madame Beaulieu &hellip; <a href=\"https:\/\/santemc.quebec\/icentre\/nomination-de-la-directrice-adjointe-a-la-dsi-qualite-et-evolution-de-la-pratique\/\">Continuer la lecture <span class=\"meta-nav\">&rarr;<\/span><\/a><\/p>\n","protected":false},"author":1,"featured_media":0,"comment_status":"open","ping_status":"closed","sticky":false,"template":"","format":"standard","meta":{"footnotes":""},"categories":[2],"tags":[8],"_links":{"self":[{"href":"https:\/\/santemc.quebec\/icentre\/wp-json\/wp\/v2\/posts\/307"}],"collection":[{"href":"https:\/\/santemc.quebec\/icentre\/wp-json\/wp\/v2\/posts"}],"about":[{"href":"https:\/\/santemc.quebec\/icentre\/wp-json\/wp\/v2\/types\/post"}],"author":[{"embeddable":true,"href":"https:\/\/santemc.quebec\/icentre\/wp-json\/wp\/v2\/users\/1"}],"replies":[{"embeddable":true,"href":"https:\/\/santemc.quebec\/icentre\/wp-json\/wp\/v2\/comments?post=307"}],"version-history":[{"count":1,"href":"https:\/\/santemc.quebec\/icentre\/wp-json\/wp\/v2\/posts\/307\/revisions"}],"predecessor-version":[{"id":308,"href":"https:\/\/santemc.quebec\/icentre\/wp-json\/wp\/v2\/posts\/307\/revisions\/308"}],"wp:attachment":[{"href":"https:\/\/santemc.quebec\/icentre\/wp-json\/wp\/v2\/media?parent=307"}],"wp:term":[{"taxonomy":"category","embeddable":true,"href":"https:\/\/santemc.quebec\/icentre\/wp-json\/wp\/v2\/categories?post=307"},{"taxonomy":"post_tag","embeddable":true,"href":"https:\/\/santemc.quebec\/icentre\/wp-json\/wp\/v2\/tags?post=307"}],"curies":[{"name":"wp","href":"https:\/\/api.w.org\/{rel}","templated":true}]}}