{"id":309,"date":"2015-05-27T14:02:31","date_gmt":"2015-05-27T18:02:31","guid":{"rendered":"http:\/\/santemc.quebec\/icentre\/?p=309"},"modified":"2015-05-27T14:03:33","modified_gmt":"2015-05-27T18:03:33","slug":"interim-a-la-direction-des-ressources-financieres","status":"publish","type":"post","link":"https:\/\/santemc.quebec\/icentre\/interim-a-la-direction-des-ressources-financieres\/","title":{"rendered":"Int\u00e9rim \u00e0 la direction des ressources financi\u00e8res"},"content":{"rendered":"<p>Faisant suite au d\u00e9part prochain de madame Lucie M\u00e9nard, directrice des ressources financi\u00e8res du CISSS de la Mont\u00e9r\u00e9gie-Centre, je vous annonce que, d\u2019ici la dotation de ce poste, il sera assum\u00e9 en codirection int\u00e9rimaire par madame Nicole Choini\u00e8re, directrice des finances par int\u00e9rim (mission r\u00e9siduelle de l\u2019Agence de sant\u00e9 et de services sociaux de la Mont\u00e9r\u00e9gie) et par monsieur Denis Fabi, directeur des ressources financi\u00e8res par int\u00e9rim (territoire du Haut-Richelieu \u2013 Rouville).<!--more-->Ainsi, madame Choini\u00e8re aura sous sa responsabilit\u00e9 les grands dossiers financiers (\u00e9quilibre budg\u00e9taire, dossiers minist\u00e9riels et de d\u00e9veloppement, etc.) du CISSS de la Mont\u00e9r\u00e9gie-Centre alors que l\u2019ensemble des op\u00e9rations financi\u00e8res de l\u2019\u00e9tablissement sera confi\u00e9 \u00e0 monsieur Fabi.<\/p>\n<p>Il ne fait aucun doute que ces deux cadres sup\u00e9rieurs de tr\u00e8s grande exp\u00e9rience sauront relever avec brio les d\u00e9fis actuels de leur secteur d\u2019activit\u00e9s et je tiens \u00e0 les remercier sinc\u00e8rement d\u2019avoir accept\u00e9 de prendre temporairement la rel\u00e8ve de cette direction n\u00e9vralgique.<\/p>\n","protected":false},"excerpt":{"rendered":"<p>Faisant suite au d\u00e9part prochain de madame Lucie M\u00e9nard, directrice des ressources financi\u00e8res du CISSS de la Mont\u00e9r\u00e9gie-Centre, je vous annonce que, d\u2019ici la dotation de ce poste, il sera assum\u00e9 en codirection int\u00e9rimaire par madame Nicole Choini\u00e8re, directrice des &hellip; <a href=\"https:\/\/santemc.quebec\/icentre\/interim-a-la-direction-des-ressources-financieres\/\">Continuer la lecture <span class=\"meta-nav\">&rarr;<\/span><\/a><\/p>\n","protected":false},"author":1,"featured_media":0,"comment_status":"open","ping_status":"closed","sticky":false,"template":"","format":"standard","meta":{"footnotes":""},"categories":[2],"tags":[8],"_links":{"self":[{"href":"https:\/\/santemc.quebec\/icentre\/wp-json\/wp\/v2\/posts\/309"}],"collection":[{"href":"https:\/\/santemc.quebec\/icentre\/wp-json\/wp\/v2\/posts"}],"about":[{"href":"https:\/\/santemc.quebec\/icentre\/wp-json\/wp\/v2\/types\/post"}],"author":[{"embeddable":true,"href":"https:\/\/santemc.quebec\/icentre\/wp-json\/wp\/v2\/users\/1"}],"replies":[{"embeddable":true,"href":"https:\/\/santemc.quebec\/icentre\/wp-json\/wp\/v2\/comments?post=309"}],"version-history":[{"count":1,"href":"https:\/\/santemc.quebec\/icentre\/wp-json\/wp\/v2\/posts\/309\/revisions"}],"predecessor-version":[{"id":310,"href":"https:\/\/santemc.quebec\/icentre\/wp-json\/wp\/v2\/posts\/309\/revisions\/310"}],"wp:attachment":[{"href":"https:\/\/santemc.quebec\/icentre\/wp-json\/wp\/v2\/media?parent=309"}],"wp:term":[{"taxonomy":"category","embeddable":true,"href":"https:\/\/santemc.quebec\/icentre\/wp-json\/wp\/v2\/categories?post=309"},{"taxonomy":"post_tag","embeddable":true,"href":"https:\/\/santemc.quebec\/icentre\/wp-json\/wp\/v2\/tags?post=309"}],"curies":[{"name":"wp","href":"https:\/\/api.w.org\/{rel}","templated":true}]}}