{"id":3099,"date":"2016-09-30T10:26:33","date_gmt":"2016-09-30T14:26:33","guid":{"rendered":"http:\/\/santemc.quebec\/icentre\/?p=3099"},"modified":"2016-10-27T13:21:37","modified_gmt":"2016-10-27T17:21:37","slug":"depart-de-m-colin-j-coole-comme-membre-du-conseil-dadministration","status":"publish","type":"post","link":"https:\/\/santemc.quebec\/icentre\/depart-de-m-colin-j-coole-comme-membre-du-conseil-dadministration\/","title":{"rendered":"D\u00e9part de M. Colin J. Coole comme membre du conseil d\u2019administration"},"content":{"rendered":"<div id=\"attachment_3103\" style=\"width: 160px\" class=\"wp-caption alignleft\"><a href=\"http:\/\/santemc.quebec\/santemc\/icentre\/wp-content\/uploads\/2016\/09\/DSCN3920.jpg\"><img aria-describedby=\"caption-attachment-3103\" decoding=\"async\" loading=\"lazy\" class=\"wp-image-3103 size-thumbnail\" src=\"http:\/\/santemc.quebec\/santemc\/icentre\/wp-content\/uploads\/2016\/09\/DSCN3920-150x150.jpg\" alt=\"M. Coole\" width=\"150\" height=\"150\" \/><\/a><p id=\"caption-attachment-3103\" class=\"wp-caption-text\">Les membres du conseil d&rsquo;administration ont soulign\u00e9 l&rsquo;engagement de M. Coole juste avant l&rsquo;assembl\u00e9e d&rsquo;hier soir, le 29 septembre. Une plaque hommage lui a \u00e9t\u00e9 offerte pour l&rsquo;occasion. Sur la photo : M. Collin J.Coole (au centre), accompagn\u00e9 de M. Pierre Boucher, pr\u00e9sident du CA (\u00e0 gauche) et de M. Richard Deschamps, PDG du CISSS de la Mont\u00e9r\u00e9gie-Centre (\u00e0 droite).<\/p><\/div>\n<p>Bonjour,<\/p>\n<p>C\u2019est avec regret que je vous informe du d\u00e9part de M. Colin J. Coole, qui agissait \u00e0 titre de membre ind\u00e9pendant au sein de notre conseil d\u2019administration pour son expertise en v\u00e9rification, performance et gestion de la qualit\u00e9.<!--more--><\/p>\n<p>J\u2019ai eu le privil\u00e8ge de c\u00f4toyer M. Coole \u00e0 de multiples occasions depuis la fin des ann\u00e9es 1990. Pendant plus de 20 ans, il a si\u00e9g\u00e9 aux conseils d\u2019administration de l\u2019H\u00f4pital Charles-Le Moyne, du CSSS Champlain\u2014Charles-Le Moyne et plus r\u00e9cemment de notre CISSS. Il est aussi membre du conseil d\u2019administration de la Fondation H\u00f4pital Charles-Le Moyne depuis plus de\u00a010 ans.<\/p>\n<p>M. Coole a contribu\u00e9 de fa\u00e7on remarquable \u00e0 la gouvernance du r\u00e9seau public de sant\u00e9 et de services sociaux du Qu\u00e9bec par sa participation aux comit\u00e9s de vigilance, de r\u00e9vision des plaintes et d\u2019accessibilit\u00e9 des services en langue anglaise, pour n\u2019en nommer que quelques-uns, ce qui t\u00e9moigne de son engagement envers l\u2019accessibilit\u00e9, la qualit\u00e9 et la s\u00e9curit\u00e9 des soins donn\u00e9s \u00e0 la population.<\/p>\n<p>Le leadership de Colin Coole, son humanisme et les relations harmonieuses qu\u2019il a su cr\u00e9er avec le personnel et l\u2019\u00e9quipe de direction ont marqu\u00e9 les ann\u00e9es qu\u2019il a pass\u00e9es \u00e0 servir la communaut\u00e9.<\/p>\n<p>Nous lui souhaitons la meilleure des chances dans la r\u00e9alisation de ses futurs projets.<\/p>\n<p>&nbsp;<\/p>\n<p>Richard Deschamps, pr\u00e9sident- directeur g\u00e9n\u00e9ral<\/p>\n<p>&nbsp;<\/p>\n","protected":false},"excerpt":{"rendered":"<p>Bonjour, C\u2019est avec regret que je vous informe du d\u00e9part de M. Colin J. Coole, qui agissait \u00e0 titre de membre ind\u00e9pendant au sein de notre conseil d\u2019administration pour son expertise en v\u00e9rification, performance et gestion de la qualit\u00e9.<\/p>\n","protected":false},"author":1,"featured_media":0,"comment_status":"open","ping_status":"closed","sticky":false,"template":"","format":"standard","meta":{"footnotes":""},"categories":[1],"tags":[],"_links":{"self":[{"href":"https:\/\/santemc.quebec\/icentre\/wp-json\/wp\/v2\/posts\/3099"}],"collection":[{"href":"https:\/\/santemc.quebec\/icentre\/wp-json\/wp\/v2\/posts"}],"about":[{"href":"https:\/\/santemc.quebec\/icentre\/wp-json\/wp\/v2\/types\/post"}],"author":[{"embeddable":true,"href":"https:\/\/santemc.quebec\/icentre\/wp-json\/wp\/v2\/users\/1"}],"replies":[{"embeddable":true,"href":"https:\/\/santemc.quebec\/icentre\/wp-json\/wp\/v2\/comments?post=3099"}],"version-history":[{"count":4,"href":"https:\/\/santemc.quebec\/icentre\/wp-json\/wp\/v2\/posts\/3099\/revisions"}],"predecessor-version":[{"id":3278,"href":"https:\/\/santemc.quebec\/icentre\/wp-json\/wp\/v2\/posts\/3099\/revisions\/3278"}],"wp:attachment":[{"href":"https:\/\/santemc.quebec\/icentre\/wp-json\/wp\/v2\/media?parent=3099"}],"wp:term":[{"taxonomy":"category","embeddable":true,"href":"https:\/\/santemc.quebec\/icentre\/wp-json\/wp\/v2\/categories?post=3099"},{"taxonomy":"post_tag","embeddable":true,"href":"https:\/\/santemc.quebec\/icentre\/wp-json\/wp\/v2\/tags?post=3099"}],"curies":[{"name":"wp","href":"https:\/\/api.w.org\/{rel}","templated":true}]}}