{"id":3107,"date":"2016-09-30T08:09:17","date_gmt":"2016-09-30T12:09:17","guid":{"rendered":"http:\/\/santemc.quebec\/icentre\/?p=3107"},"modified":"2016-09-30T15:19:43","modified_gmt":"2016-09-30T19:19:43","slug":"semaine-mondiale-de-lallaitement-maternel-smam-2016-lallaitement-maternel-une-cle-pour-le-developpement-durable","status":"publish","type":"post","link":"https:\/\/santemc.quebec\/icentre\/semaine-mondiale-de-lallaitement-maternel-smam-2016-lallaitement-maternel-une-cle-pour-le-developpement-durable\/","title":{"rendered":"Semaine Mondiale de l\u2019Allaitement Maternel (SMAM) 2016 &#8211; L&rsquo;allaitement maternel : une cl\u00e9 pour le d\u00e9veloppement durable"},"content":{"rendered":"<p><a href=\"http:\/\/espacecisssmo.com\/wp-content\/uploads\/2016\/09\/logo-semaine-mondiale-allaitement.png\"><img decoding=\"async\" loading=\"lazy\" class=\"alignleft\" src=\"http:\/\/espacecisssmo.com\/wp-content\/uploads\/2016\/09\/logo-semaine-mondiale-allaitement.png\" alt=\"Semaine de l'allaitement\" width=\"223\" height=\"223\" \/><\/a>La Semaine mondiale de l\u2019allaitement maternel (SMAM) est organis\u00e9e chaque ann\u00e9e\u00a0 dans plus de 170 pays pour promouvoir l&rsquo;allaitement afin que les nourrissons du monde entier soient en meilleure sant\u00e9. De nombreux pays, dont le Canada, f\u00eatent la SMAM durant la 40<sup>\u00e8me<\/sup> semaine de l&rsquo;ann\u00e9e (la dur\u00e9e habituelle d&rsquo;une grossesse), soit du 1<sup>er<\/sup> au 7 octobre.<!--more--><\/p>\n<p>Cette ann\u00e9e, le th\u00e8me de la Semaine Mondiale de l\u2019Allaitement Maternel est\u00a0:<strong> l\u2019Allaitement maternel\u00a0: une cl\u00e9 pour le d\u00e9veloppement durable<\/strong>. Il vise \u00e0 porter la r\u00e9flexion\u00a0sur la fa\u00e7on d\u2019\u00e9valuer notre bien-\u00eatre d\u00e8s le d\u00e9but de notre vie, sur l&rsquo;importance de se respecter les uns les autres et de prendre soins du Monde que nous partageons.<\/p>\n<p>Le lait maternel est un \u00e9l\u00e9ment essentiel pour la s\u00e9curit\u00e9 alimentaire de tous les b\u00e9b\u00e9s dans le monde et c&rsquo;est l&rsquo;une des ressources naturelles et renouvelables les plus pr\u00e9cieuses de la plan\u00e8te. Toutes les m\u00e8res ont du lait, et c&rsquo;est le seul aliment disponible pour les pauvres comme pour les riches.<\/p>\n<p>Dans le cadre de cette semaine tr\u00e8s sp\u00e9ciale, quelques activit\u00e9s ont \u00e9t\u00e9 pr\u00e9vues.<\/p>\n<p>Un kiosque sera install\u00e9 pour faire la promotion des pratiques favorables \u00e0 l\u2019allaitement maternel<\/p>\n<ul>\n<li>le 3 octobre au 5928 boul. Cousineau lors de la clinique Amis des b\u00e9b\u00e9s entre 13h et 16h<\/li>\n<li>le 5 octobre \u00e0 l\u2019entr\u00e9e principale de HCLM entre 8h et 16h<\/li>\n<li>le 7 octobre au CLSC Samuel de Champlain lors de la clinique Amis des b\u00e9b\u00e9s entre 13h et 16h<\/li>\n<\/ul>\n<p>Les activit\u00e9s pr\u00e9vues lors des kiosques sont entre autre :<\/p>\n<ul>\n<li>Vente de Cami Kangourou Wrap et livres de recettes au profit du d\u00e9partement de l\u2019Unit\u00e9 M\u00e8re-Enfant,<\/li>\n<li>Visionnement du projet : Allaiter partout\u2026simplement,<\/li>\n<li>Pr\u00e9sence de marraines d\u2019allaitement des groupes de support en allaitement maternel, La M\u00e8re \u00e0 Boire et MAM autour de la Maternit\u00e9 qui feront la promotion de leurs services,<\/li>\n<li>Distribution d\u2019autocollants pour la promotion de la semaine Mondiale de l\u2019Allaitement Maternel.<\/li>\n<\/ul>\n<p>Un tirage aura lieu au courant de la semaine\u00a0aupr\u00e8s des m\u00e8res ayant accouch\u00e9 \u00e0 l\u2019Unit\u00e9 M\u00e8re-Enfant de\u00a0l&rsquo;H\u00f4pital Charles-Le Moyne.<\/p>\n<p>Un tirage sera \u00e9galement fait aupr\u00e8s des participantes des cliniques Amis des b\u00e9b\u00e9s dans les CLSC.<\/p>\n<p>Les bienfaits de l\u2019allaitement maternel sont bien connus. Le lait maternel apporte des substances qui sont nutritionnellement parfaites pour les b\u00e9b\u00e9s humains et qui les prot\u00e8gent de maladies. Ce sont des \u00e9l\u00e9ments indispensables pour la croissance et le d\u00e9veloppement du cerveau et du syst\u00e8me nerveux central du nourrisson. L&rsquo;allaitement favorise \u00e9galement l&rsquo;attachement m\u00e8re-enfant, \u00e9l\u00e9ment fondamental de l&rsquo;\u00e9laboration de la personnalit\u00e9 comme des capacit\u00e9s d&rsquo;apprentissage de l&rsquo;enfant.<\/p>\n<p>Pour ces raisons, l\u2019OMS recommande l\u2019allaitement au sein exclusif du nourrisson jusqu\u2019\u00e0 l\u2019\u00e2ge de 6 mois et de poursuivre ensuite jusqu\u2019\u00e0 l\u2019\u00e2ge de 2 ans au moins, en l\u2019associant \u00e0 une alimentation de compl\u00e9ment qui convienne.<\/p>\n<p>&nbsp;<\/p>\n<p>Sources\u00a0:<\/p>\n<ul>\n<li><a href=\"http:\/\/www.who.int\/mediacentre\/events\/2016\/world-breastfeeding-week\/fr\/\" target=\"_blank\">http:\/\/www.who.int\/mediacentre\/events\/2016\/world-breastfeeding-week\/fr\/<\/a><\/li>\n<li><a href=\"http:\/\/www.lllfrance.org\/nos-actions\/nos-partenariats\/lors-de-la-smam\" target=\"_blank\">http:\/\/www.lllfrance.org\/nos-actions\/nos-partenariats\/lors-de-la-smam<\/a><\/li>\n<li><a href=\"http:\/\/www.danslesbras.org\/dernieres-nouvelles-DLB\/smam2016\" target=\"_blank\">http:\/\/www.danslesbras.org\/dernieres-nouvelles-DLB\/smam2016<\/a><\/li>\n<\/ul>\n","protected":false},"excerpt":{"rendered":"<p>La Semaine mondiale de l\u2019allaitement maternel (SMAM) est organis\u00e9e chaque ann\u00e9e\u00a0 dans plus de 170 pays pour promouvoir l&rsquo;allaitement afin que les nourrissons du monde entier soient en meilleure sant\u00e9. De nombreux pays, dont le Canada, f\u00eatent la SMAM durant &hellip; <a href=\"https:\/\/santemc.quebec\/icentre\/semaine-mondiale-de-lallaitement-maternel-smam-2016-lallaitement-maternel-une-cle-pour-le-developpement-durable\/\">Continuer la lecture <span class=\"meta-nav\">&rarr;<\/span><\/a><\/p>\n","protected":false},"author":1,"featured_media":0,"comment_status":"open","ping_status":"closed","sticky":false,"template":"","format":"standard","meta":{"footnotes":""},"categories":[1],"tags":[],"_links":{"self":[{"href":"https:\/\/santemc.quebec\/icentre\/wp-json\/wp\/v2\/posts\/3107"}],"collection":[{"href":"https:\/\/santemc.quebec\/icentre\/wp-json\/wp\/v2\/posts"}],"about":[{"href":"https:\/\/santemc.quebec\/icentre\/wp-json\/wp\/v2\/types\/post"}],"author":[{"embeddable":true,"href":"https:\/\/santemc.quebec\/icentre\/wp-json\/wp\/v2\/users\/1"}],"replies":[{"embeddable":true,"href":"https:\/\/santemc.quebec\/icentre\/wp-json\/wp\/v2\/comments?post=3107"}],"version-history":[{"count":10,"href":"https:\/\/santemc.quebec\/icentre\/wp-json\/wp\/v2\/posts\/3107\/revisions"}],"predecessor-version":[{"id":3117,"href":"https:\/\/santemc.quebec\/icentre\/wp-json\/wp\/v2\/posts\/3107\/revisions\/3117"}],"wp:attachment":[{"href":"https:\/\/santemc.quebec\/icentre\/wp-json\/wp\/v2\/media?parent=3107"}],"wp:term":[{"taxonomy":"category","embeddable":true,"href":"https:\/\/santemc.quebec\/icentre\/wp-json\/wp\/v2\/categories?post=3107"},{"taxonomy":"post_tag","embeddable":true,"href":"https:\/\/santemc.quebec\/icentre\/wp-json\/wp\/v2\/tags?post=3107"}],"curies":[{"name":"wp","href":"https:\/\/api.w.org\/{rel}","templated":true}]}}