{"id":311,"date":"2015-05-28T16:00:31","date_gmt":"2015-05-28T20:00:31","guid":{"rendered":"http:\/\/santemc.quebec\/icentre\/?p=311"},"modified":"2015-05-29T11:16:03","modified_gmt":"2015-05-29T15:16:03","slug":"entente-de-principe-du-msss-avec-la-fmoq-le-ministre-barrette-rectifie-les-faits-concernant-une-mauvaise-interpretation-de-larticle-24","status":"publish","type":"post","link":"https:\/\/santemc.quebec\/icentre\/entente-de-principe-du-msss-avec-la-fmoq-le-ministre-barrette-rectifie-les-faits-concernant-une-mauvaise-interpretation-de-larticle-24\/","title":{"rendered":"Entente de principe du MSSS avec la FMOQ : le ministre Barrette rectifie les faits concernant une mauvaise interpr\u00e9tation de l&rsquo;article 24"},"content":{"rendered":"<p>Le ministre de la Sant\u00e9 et des Services sociaux, monsieur Ga\u00e9tan Barrette, a tenu aujourd\u2019hui \u00e0 rectifier les faits concernant une affirmation erron\u00e9e fond\u00e9e sur une mauvaise interpr\u00e9tation de l\u2019article\u00a024 de l\u2019entente de principe avec la F\u00e9d\u00e9ration des m\u00e9decins omnipraticiens du Qu\u00e9bec, quant \u00e0 la r\u00e9mun\u00e9ration des m\u00e9decins de famille pour la prise en charge d\u2019un nouveau patient. Cette affirmation a \u00e9t\u00e9 formul\u00e9e par la d\u00e9put\u00e9e de Taillon, madame Diane Lamarre, lors de la p\u00e9riode de questions de l\u2019Assembl\u00e9e nationale, ce matin.<!--more--><\/p>\n<div id=\"conteneur\">\n<div id=\"conteneur_page\">\n<div id=\"contenu_milieu\">\n<div id=\"zone_contenu\">\n<p>\u00ab\u00a0La mesure pr\u00e9vue \u00e0 l\u2019article\u00a024 de l\u2019entente de principe sign\u00e9e cette semaine avec les m\u00e9decins de famille n\u2019a strictement rien \u00e0 voir avec les primes \u00e0 l\u2019inscription qui seront abolies dans le cadre de l\u2019engagement pris par les parties. Il est inutile d\u2019inqui\u00e9ter la population avec de telles conclusions h\u00e2tives fond\u00e9es sur une mauvaise interpr\u00e9tation de l\u2019article\u00a0\u00bb, a d\u00e9clar\u00e9 monsieur Barrette.<\/p>\n<p>Jusqu\u2019\u00e0 cette entente de principe, des primes \u00e0 l\u2019inscription \u00e9taient offertes aux omnipraticiens qui prenaient en charge tout nouveau patient sans m\u00e9decin de famille inscrit en attente au guichet, avec une modulation de la somme en fonction de la condition m\u00e9dicale de cette personne.<\/p>\n<p>La nouvelle entente, qui vient quant \u00e0 elle abolir ces primes, pr\u00e9voit plut\u00f4t d\u2019accorder un suppl\u00e9ment d\u2019honoraires aux m\u00e9decins li\u00e9 \u00e0 la premi\u00e8re visite de prise en charge d\u2019un nouveau patient. Ce suppl\u00e9ment se justifie notamment en raison de l\u2019\u00e9valuation globale de l\u2019\u00e9tat de sant\u00e9 r\u00e9alis\u00e9e par le m\u00e9decin, et ce, dans un souci d\u2019assurer une prise en charge ad\u00e9quate du patient. Il sera modul\u00e9 en fonction des probl\u00e9matiques plus complexes qui requi\u00e8rent un suivi plus actif de la part du m\u00e9decin.<\/p>\n<p>\u00ab\u00a0Cette mesure s\u2019ajoute aux autres engagements qui viennent affirmer l\u2019obligation pour les m\u00e9decins de famille de voir le patient et de se rendre plus disponibles pour offrir leurs services \u00e0 la population. Elle favorise une prise en charge efficiente des patients, en ciblant plus pr\u00e9cis\u00e9ment leurs besoins pour optimiser l\u2019intervention du m\u00e9decin et ainsi s\u2019assurer d\u2019un meilleur suivi en interdisciplinarit\u00e9 avec les autres professionnels membres de l\u2019\u00e9quipe de soins\u00a0\u00bb, a ajout\u00e9 le ministre Barrette.<\/p>\n<p>SOURCE Cabinet du ministre de la Sant\u00e9 et des Services sociaux<\/p>\n<\/div>\n<\/div>\n<\/div>\n<\/div>\n","protected":false},"excerpt":{"rendered":"<p>Le ministre de la Sant\u00e9 et des Services sociaux, monsieur Ga\u00e9tan Barrette, a tenu aujourd\u2019hui \u00e0 rectifier les faits concernant une affirmation erron\u00e9e fond\u00e9e sur une mauvaise interpr\u00e9tation de l\u2019article\u00a024 de l\u2019entente de principe avec la F\u00e9d\u00e9ration des m\u00e9decins omnipraticiens &hellip; <a href=\"https:\/\/santemc.quebec\/icentre\/entente-de-principe-du-msss-avec-la-fmoq-le-ministre-barrette-rectifie-les-faits-concernant-une-mauvaise-interpretation-de-larticle-24\/\">Continuer la lecture <span class=\"meta-nav\">&rarr;<\/span><\/a><\/p>\n","protected":false},"author":1,"featured_media":0,"comment_status":"open","ping_status":"closed","sticky":false,"template":"","format":"standard","meta":{"footnotes":""},"categories":[10],"tags":[],"_links":{"self":[{"href":"https:\/\/santemc.quebec\/icentre\/wp-json\/wp\/v2\/posts\/311"}],"collection":[{"href":"https:\/\/santemc.quebec\/icentre\/wp-json\/wp\/v2\/posts"}],"about":[{"href":"https:\/\/santemc.quebec\/icentre\/wp-json\/wp\/v2\/types\/post"}],"author":[{"embeddable":true,"href":"https:\/\/santemc.quebec\/icentre\/wp-json\/wp\/v2\/users\/1"}],"replies":[{"embeddable":true,"href":"https:\/\/santemc.quebec\/icentre\/wp-json\/wp\/v2\/comments?post=311"}],"version-history":[{"count":3,"href":"https:\/\/santemc.quebec\/icentre\/wp-json\/wp\/v2\/posts\/311\/revisions"}],"predecessor-version":[{"id":316,"href":"https:\/\/santemc.quebec\/icentre\/wp-json\/wp\/v2\/posts\/311\/revisions\/316"}],"wp:attachment":[{"href":"https:\/\/santemc.quebec\/icentre\/wp-json\/wp\/v2\/media?parent=311"}],"wp:term":[{"taxonomy":"category","embeddable":true,"href":"https:\/\/santemc.quebec\/icentre\/wp-json\/wp\/v2\/categories?post=311"},{"taxonomy":"post_tag","embeddable":true,"href":"https:\/\/santemc.quebec\/icentre\/wp-json\/wp\/v2\/tags?post=311"}],"curies":[{"name":"wp","href":"https:\/\/api.w.org\/{rel}","templated":true}]}}