{"id":3123,"date":"2016-10-05T09:11:36","date_gmt":"2016-10-05T13:11:36","guid":{"rendered":"http:\/\/santemc.quebec\/icentre\/?p=3123"},"modified":"2016-10-05T09:29:23","modified_gmt":"2016-10-05T13:29:23","slug":"defi-des-generations-contre-le-cancer-un-succes-retentissant","status":"publish","type":"post","link":"https:\/\/santemc.quebec\/icentre\/defi-des-generations-contre-le-cancer-un-succes-retentissant\/","title":{"rendered":"D\u00e9fi des g\u00e9n\u00e9rations contre le cancer : un succ\u00e8s retentissant!"},"content":{"rendered":"<div id=\"attachment_3125\" style=\"width: 310px\" class=\"wp-caption alignleft\"><a href=\"http:\/\/santemc.quebec\/santemc\/icentre\/wp-content\/uploads\/2016\/10\/D\u00e9fi-des-g\u00e9n\u00e9rations-contre-le-cancer_message-aux-patients.jpg\"><img aria-describedby=\"caption-attachment-3125\" decoding=\"async\" loading=\"lazy\" class=\"wp-image-3125 size-medium\" src=\"http:\/\/santemc.quebec\/santemc\/icentre\/wp-content\/uploads\/2016\/10\/D\u00e9fi-des-g\u00e9n\u00e9rations-contre-le-cancer_message-aux-patients-300x181.jpg\" alt=\"defi-des-generations-contre-le-cancer_message-aux-patients\" width=\"300\" height=\"181\" srcset=\"https:\/\/santemc.quebec\/santemc\/icentre\/wp-content\/uploads\/2016\/10\/D\u00e9fi-des-g\u00e9n\u00e9rations-contre-le-cancer_message-aux-patients-300x181.jpg 300w, https:\/\/santemc.quebec\/santemc\/icentre\/wp-content\/uploads\/2016\/10\/D\u00e9fi-des-g\u00e9n\u00e9rations-contre-le-cancer_message-aux-patients-768x463.jpg 768w, https:\/\/santemc.quebec\/santemc\/icentre\/wp-content\/uploads\/2016\/10\/D\u00e9fi-des-g\u00e9n\u00e9rations-contre-le-cancer_message-aux-patients-1024x618.jpg 1024w, https:\/\/santemc.quebec\/santemc\/icentre\/wp-content\/uploads\/2016\/10\/D\u00e9fi-des-g\u00e9n\u00e9rations-contre-le-cancer_message-aux-patients-497x300.jpg 497w\" sizes=\"(max-width: 300px) 100vw, 300px\" \/><\/a><p id=\"caption-attachment-3125\" class=\"wp-caption-text\">Voici le message que les coureurs du D\u00e9fi des g\u00e9n\u00e9rations contre le cancer ont transmis aux patients atteints de cancer qui sont soign\u00e9s \u00e0 l\u2019H\u00f4pital Charles-Le Moyne.<\/p><\/div>\n<p>La Fondation H\u00f4pital Charles-LeMoyne est fi\u00e8re d\u2019annoncer que la premi\u00e8re \u00e9dition du D\u00e9fi des g\u00e9n\u00e9rations contre le cancer a remport\u00e9 un succ\u00e8s retentissant et a permis une mobilisation sans pr\u00e9c\u00e9dent de la population de la Mont\u00e9r\u00e9gie face \u00e0 l\u2019H\u00f4pital Charles-Le Moyne.<!--more--><\/p>\n<p>MISSION ACCOMPLIE!<\/p>\n<p>Le 1<sup>er<\/sup> octobre dernier, ce sont plus de 1022 coureurs et coureuses de tous \u00e2ges qui ont franchi le fil d\u2019arriv\u00e9e du 21 km, 10 km, 5 km ou 1 km pour rappeler aux patients atteints de cancer que face \u00e0 la maladie, ils ne sont pas seuls!<\/p>\n<p>[huge_it_slider id=\u00a0\u00bb9&Prime;]<\/p>\n<p>&nbsp;<\/p>\n<p>Gr\u00e2ce \u00e0 la participation des coureurs et \u00e0 la g\u00e9n\u00e9rosit\u00e9 des donateurs, 63\u00a0350 $ ont \u00e9t\u00e9 amass\u00e9s. Les fonds remis participeront au financement d\u2019un Tep Scan, un \u00e9quipement ultrasp\u00e9cialis\u00e9 n\u00e9cessaire dans le traitement de plusieurs cancers et dont la Mont\u00e9r\u00e9gie est actuellement d\u00e9pourvue.<\/p>\n<p>\u00ab\u00a0La r\u00e9ponse de la population mont\u00e9r\u00e9gienne a \u00e9t\u00e9 au-del\u00e0 de nos attentes! Dans un contexte o\u00f9 les \u00e9v\u00e9nements sportifs sont nombreux et o\u00f9 les gens ont de plus en plus l\u2019habitude de se mobiliser pour une cause, le D\u00e9fi des g\u00e9n\u00e9rations contre le cancer a su se tailler, d\u00e8s sa premi\u00e8re \u00e9dition, une place de choix. Les patients et leurs familles se sont mobilis\u00e9s, tout comme les m\u00e9decins et le personnel de l\u2019H\u00f4pital. Plusieurs participants ont effectu\u00e9 des collectes via les m\u00e9dias sociaux et les gens se sont montr\u00e9s particuli\u00e8rement g\u00e9n\u00e9reux! De nombreuses entreprises nous ont \u00e9galement soutenus dans cette toute premi\u00e8re \u00e9dition \u00bb, Benoit\u00a0Lemieux, pr\u00e9sident de la Fondation et pr\u00e9sident de Gestion immobili\u00e8re BCL.<\/p>\n<p>\u00ab\u00a0La Mont\u00e9r\u00e9gie est le lieu de vie et de travail de plusieurs centaines de nos employ\u00e9s. En tant qu\u2019acteur \u00e9conomique et social, nous avons \u00e0 c\u0153ur de poursuivre notre engagement dans la communaut\u00e9 en appuyant la Fondation H\u00f4pital Charles-LeMoyne. La Fondation contribue non seulement au bien-\u00eatre des patients, mais \u00e9galement \u00e0 celui des familles de la r\u00e9gion\u00a0\u00bb, David Pinsonneault, premier vice-pr\u00e9sident \u2013 Entreprises et International, \u00e0 la Banque Nationale, partenaire principal de l\u2019\u00e9v\u00e9nement.<\/p>\n<p>En plus des nombreux participants et partenaires, la Fondation tient \u00e0 remercier chaleureusement tous les b\u00e9n\u00e9voles qui ont donn\u00e9 de leur temps pour faire du D\u00e9fi des g\u00e9n\u00e9rations contre le cancer un \u00e9v\u00e9nement couronn\u00e9 de succ\u00e8s. Un merci particulier \u00e0 Jos\u00e9e Lavigueur, porte-parole de l\u2019\u00e9v\u00e9nement, qui a anim\u00e9 la journ\u00e9e avec son dynamisme l\u00e9gendaire et avec tout son c\u0153ur.<\/p>\n<p>Pour voir toutes les photos, consultez la<a href=\"https:\/\/www.facebook.com\/FondationCharlesLeMoyne\/\" target=\"_blank\"> page Facebook<\/a> de la Fondation<\/p>\n","protected":false},"excerpt":{"rendered":"<p>La Fondation H\u00f4pital Charles-LeMoyne est fi\u00e8re d\u2019annoncer que la premi\u00e8re \u00e9dition du D\u00e9fi des g\u00e9n\u00e9rations contre le cancer a remport\u00e9 un succ\u00e8s retentissant et a permis une mobilisation sans pr\u00e9c\u00e9dent de la population de la Mont\u00e9r\u00e9gie face \u00e0 l\u2019H\u00f4pital Charles-Le &hellip; <a href=\"https:\/\/santemc.quebec\/icentre\/defi-des-generations-contre-le-cancer-un-succes-retentissant\/\">Continuer la lecture <span class=\"meta-nav\">&rarr;<\/span><\/a><\/p>\n","protected":false},"author":1,"featured_media":0,"comment_status":"open","ping_status":"closed","sticky":false,"template":"","format":"standard","meta":{"footnotes":""},"categories":[1],"tags":[],"_links":{"self":[{"href":"https:\/\/santemc.quebec\/icentre\/wp-json\/wp\/v2\/posts\/3123"}],"collection":[{"href":"https:\/\/santemc.quebec\/icentre\/wp-json\/wp\/v2\/posts"}],"about":[{"href":"https:\/\/santemc.quebec\/icentre\/wp-json\/wp\/v2\/types\/post"}],"author":[{"embeddable":true,"href":"https:\/\/santemc.quebec\/icentre\/wp-json\/wp\/v2\/users\/1"}],"replies":[{"embeddable":true,"href":"https:\/\/santemc.quebec\/icentre\/wp-json\/wp\/v2\/comments?post=3123"}],"version-history":[{"count":5,"href":"https:\/\/santemc.quebec\/icentre\/wp-json\/wp\/v2\/posts\/3123\/revisions"}],"predecessor-version":[{"id":3132,"href":"https:\/\/santemc.quebec\/icentre\/wp-json\/wp\/v2\/posts\/3123\/revisions\/3132"}],"wp:attachment":[{"href":"https:\/\/santemc.quebec\/icentre\/wp-json\/wp\/v2\/media?parent=3123"}],"wp:term":[{"taxonomy":"category","embeddable":true,"href":"https:\/\/santemc.quebec\/icentre\/wp-json\/wp\/v2\/categories?post=3123"},{"taxonomy":"post_tag","embeddable":true,"href":"https:\/\/santemc.quebec\/icentre\/wp-json\/wp\/v2\/tags?post=3123"}],"curies":[{"name":"wp","href":"https:\/\/api.w.org\/{rel}","templated":true}]}}