{"id":313,"date":"2015-05-26T11:00:55","date_gmt":"2015-05-26T15:00:55","guid":{"rendered":"http:\/\/santemc.quebec\/icentre\/?p=313"},"modified":"2015-05-29T11:16:41","modified_gmt":"2015-05-29T15:16:41","slug":"le-ministre-gaetan-barrette-annonce-un-nouveau-cadre-de-gestion-pour-les-groupes-de-medecine-de-famille","status":"publish","type":"post","link":"https:\/\/santemc.quebec\/icentre\/le-ministre-gaetan-barrette-annonce-un-nouveau-cadre-de-gestion-pour-les-groupes-de-medecine-de-famille\/","title":{"rendered":"Le ministre Ga\u00e9tan Barrette annonce un nouveau cadre de gestion pour les groupes de m\u00e9decine de famille"},"content":{"rendered":"<p>Le ministre de la Sant\u00e9 et des Services sociaux, monsieur Ga\u00e9tan\u00a0Barrette, accompagn\u00e9 du pr\u00e9sident de la F\u00e9d\u00e9ration des m\u00e9decins omnipraticiens du Qu\u00e9bec (FMOQ), le docteur <span class=\"xn-person\">Louis Godin<\/span>, a annonc\u00e9 aujourd&rsquo;hui un tout nouveau cadre de gestion pour les groupes de m\u00e9decine de famille (GMF), qui sera davantage ax\u00e9 sur le patient et qui am\u00e9liorera l&rsquo;acc\u00e8s aux soins de premi\u00e8re ligne. \u00ab\u00a0Je suis tr\u00e8s heureux que nous ayons pu convenir ensemble des grandes lignes d&rsquo;un nouveau cadre de gestion. Celui-ci conserve les assises fondamentales des GMF, mais il clarifie les attentes du minist\u00e8re de la Sant\u00e9 et des Services sociaux afin d&rsquo;assurer l&rsquo;acc\u00e8s \u00e0 des services diversifi\u00e9s, continus et de qualit\u00e9 pour la population du Qu\u00e9bec\u00a0\u00bb, a d\u00e9clar\u00e9 le ministre Barrette.<!--more--><\/p>\n<p>Parmi les \u00e9l\u00e9ments cl\u00e9s du nouveau cadre de gestion, se trouve notamment le financement, o\u00f9 l&rsquo;argent suivra le patient. De fait, les ressources octroy\u00e9es aux GMF seront proportionnelles au nombre de patients inscrits dans les GMF. Plus il y aura d&rsquo;inscriptions, plus le financement des GMF sera \u00e9lev\u00e9. De m\u00eame, les heures d&rsquo;ouverture seront \u00e9tendues selon la client\u00e8le \u00e0 desservir. Tous les GMF, m\u00eame les plus petits, devront offrir des heures d&rsquo;ouverture les soirs ou les fins de semaine. En outre, toujours en vue de maximiser l&rsquo;accessibilit\u00e9, les m\u00e9decins devront respecter un taux d&rsquo;assiduit\u00e9 \u00e9lev\u00e9. Si le m\u00e9decin est absent ou non disponible, ses coll\u00e8gues du m\u00eame GMF devront prendre la rel\u00e8ve.<\/p>\n<p>Le nouveau cadre de gestion des GMF pr\u00e9voit \u00e9galement une plus grande gamme de services, encourageant de ce fait le travail interprofessionnel. Des travailleurs sociaux et des pharmaciens seront ajout\u00e9s aux infirmi\u00e8res d\u00e9j\u00e0 pr\u00e9sentes dans tous les GMF. Selon le nombre et les besoins des patients inscrits, d&rsquo;autres professionnels de la sant\u00e9 s&rsquo;ajouteront, par exemple des nutritionnistes, des kin\u00e9siologues, des physioth\u00e9rapeutes, des ergoth\u00e9rapeutes, etc. Cette collaboration permettra entre autres de mieux desservir les patients vuln\u00e9rables et de resserrer les liens entre les GMF et les ressources du CLSC et de la communaut\u00e9.<\/p>\n<p>La mise en application des modalit\u00e9s du nouveau cadre de gestion des GMF est pr\u00e9vue \u00e0 l&rsquo;automne\u00a02015. Le contrat d&rsquo;accr\u00e9ditation des GMF sera reconduit annuellement, conditionnellement au respect des engagements concernant le nombre de patients \u00e0 inscrire, les heures d&rsquo;ouverture et le taux d&rsquo;assiduit\u00e9. Par ailleurs, tous les GMF devront s&rsquo;informatiser afin d&rsquo;am\u00e9liorer la qualit\u00e9 des services. Le dossier m\u00e9dical \u00e9lectronique devient la norme.<\/p>\n<p>\u00ab\u00a0La proposition d&rsquo;un nouveau cadre de gestion est bas\u00e9e sur plus de 10 ans de constats et d&rsquo;observations, et elle est centr\u00e9e sur les besoins de la population. Elle apporte diverses solutions aux lacunes d&rsquo;acc\u00e8s et comporte de multiples avantages, aussi bien pour les gens, qui sont au c\u0153ur de nos pr\u00e9occupations, que pour le personnel soignant qui pourra v\u00e9ritablement consacrer ses connaissances et ses comp\u00e9tences au service des patients\u00a0\u00bb, a conclu le ministre.<\/p>\n<p>SOURCE Cabinet du ministre de la Sant\u00e9 et des Services sociaux<\/p>\n","protected":false},"excerpt":{"rendered":"<p>Le ministre de la Sant\u00e9 et des Services sociaux, monsieur Ga\u00e9tan\u00a0Barrette, accompagn\u00e9 du pr\u00e9sident de la F\u00e9d\u00e9ration des m\u00e9decins omnipraticiens du Qu\u00e9bec (FMOQ), le docteur Louis Godin, a annonc\u00e9 aujourd&rsquo;hui un tout nouveau cadre de gestion pour les groupes de &hellip; <a href=\"https:\/\/santemc.quebec\/icentre\/le-ministre-gaetan-barrette-annonce-un-nouveau-cadre-de-gestion-pour-les-groupes-de-medecine-de-famille\/\">Continuer la lecture <span class=\"meta-nav\">&rarr;<\/span><\/a><\/p>\n","protected":false},"author":1,"featured_media":0,"comment_status":"open","ping_status":"closed","sticky":false,"template":"","format":"standard","meta":{"footnotes":""},"categories":[10],"tags":[],"_links":{"self":[{"href":"https:\/\/santemc.quebec\/icentre\/wp-json\/wp\/v2\/posts\/313"}],"collection":[{"href":"https:\/\/santemc.quebec\/icentre\/wp-json\/wp\/v2\/posts"}],"about":[{"href":"https:\/\/santemc.quebec\/icentre\/wp-json\/wp\/v2\/types\/post"}],"author":[{"embeddable":true,"href":"https:\/\/santemc.quebec\/icentre\/wp-json\/wp\/v2\/users\/1"}],"replies":[{"embeddable":true,"href":"https:\/\/santemc.quebec\/icentre\/wp-json\/wp\/v2\/comments?post=313"}],"version-history":[{"count":2,"href":"https:\/\/santemc.quebec\/icentre\/wp-json\/wp\/v2\/posts\/313\/revisions"}],"predecessor-version":[{"id":317,"href":"https:\/\/santemc.quebec\/icentre\/wp-json\/wp\/v2\/posts\/313\/revisions\/317"}],"wp:attachment":[{"href":"https:\/\/santemc.quebec\/icentre\/wp-json\/wp\/v2\/media?parent=313"}],"wp:term":[{"taxonomy":"category","embeddable":true,"href":"https:\/\/santemc.quebec\/icentre\/wp-json\/wp\/v2\/categories?post=313"},{"taxonomy":"post_tag","embeddable":true,"href":"https:\/\/santemc.quebec\/icentre\/wp-json\/wp\/v2\/tags?post=313"}],"curies":[{"name":"wp","href":"https:\/\/api.w.org\/{rel}","templated":true}]}}