{"id":3137,"date":"2016-10-07T09:57:18","date_gmt":"2016-10-07T13:57:18","guid":{"rendered":"http:\/\/santemc.quebec\/icentre\/?p=3137"},"modified":"2016-10-07T09:58:26","modified_gmt":"2016-10-07T13:58:26","slug":"un-transfert-reussi-pour-les-unites-mere-enfant-et-de-pediatrie","status":"publish","type":"post","link":"https:\/\/santemc.quebec\/icentre\/un-transfert-reussi-pour-les-unites-mere-enfant-et-de-pediatrie\/","title":{"rendered":"Un transfert r\u00e9ussi pour les unit\u00e9s m\u00e8re-enfant et de p\u00e9diatrie de l&rsquo;H\u00f4pital du Haut-Richelieu"},"content":{"rendered":"<p>Samedi dernier, les unit\u00e9s m\u00e8re-enfant (natalit\u00e9) et de p\u00e9diatrie de l\u2019H\u00f4pital du Haut-Richelieu fourmillaient d\u2019activit\u00e9s en raison du d\u00e9m\u00e9nagement qui \u00e9tait en cours dans leurs secteurs. Les deux unit\u00e9s qui avaient \u00e9chang\u00e9 de locaux \u00e0 l\u2019\u00e9t\u00e9 2015 en raison des travaux d\u2019agrandissement majeur de l\u2019H\u00f4pital ont pu r\u00e9int\u00e9grer leurs espaces d\u2019origine, soit le 3e Nord pour l\u2019unit\u00e9 m\u00e8re-enfant et le 5e Sud pour l\u2019unit\u00e9 de la p\u00e9diatrie.<!--more--><\/p>\n<p>Le transfert des deux unit\u00e9s, de leur mat\u00e9riel et des patients s\u2019est d\u00e9roul\u00e9 sans incident, \u00e0 l\u2019int\u00e9rieur des d\u00e9lais pr\u00e9vus. Le personnel, qui \u00e9tait plus nombreux qu\u2019\u00e0 l\u2019habitude, a contribu\u00e9 de pr\u00e8s \u00e0 cette r\u00e9ussite en participant \u00e0 l\u2019organisation des transferts tout en assurant la continuit\u00e9 des services aux patients dans un contexte s\u00e9curitaire.<\/p>\n<p>J&rsquo;aimerais remercier chaleureusement les gestionnaires, les \u00e9quipes soignantes et m\u00e9dicales des deux unit\u00e9s ainsi que tous les services \u00ab\u00a0support\u00a0\u00bb (logistique, informatique, gestion des lits, hygi\u00e8ne et salubrit\u00e9, pharmacie, services alimentaires, admission, archives, pr\u00e9vention et contr\u00f4le des infections, communications) qui ont collabor\u00e9 \u00e0 cette r\u00e9ussite.<\/p>\n<p>Julie Goudreau<br \/>\nDirectrice programme Jeunesse<\/p>\n<p>&nbsp;<\/p>\n","protected":false},"excerpt":{"rendered":"<p>Samedi dernier, les unit\u00e9s m\u00e8re-enfant (natalit\u00e9) et de p\u00e9diatrie de l\u2019H\u00f4pital du Haut-Richelieu fourmillaient d\u2019activit\u00e9s en raison du d\u00e9m\u00e9nagement qui \u00e9tait en cours dans leurs secteurs. Les deux unit\u00e9s qui avaient \u00e9chang\u00e9 de locaux \u00e0 l\u2019\u00e9t\u00e9 2015 en raison des &hellip; <a href=\"https:\/\/santemc.quebec\/icentre\/un-transfert-reussi-pour-les-unites-mere-enfant-et-de-pediatrie\/\">Continuer la lecture <span class=\"meta-nav\">&rarr;<\/span><\/a><\/p>\n","protected":false},"author":1,"featured_media":0,"comment_status":"open","ping_status":"closed","sticky":false,"template":"","format":"standard","meta":{"footnotes":""},"categories":[1],"tags":[],"_links":{"self":[{"href":"https:\/\/santemc.quebec\/icentre\/wp-json\/wp\/v2\/posts\/3137"}],"collection":[{"href":"https:\/\/santemc.quebec\/icentre\/wp-json\/wp\/v2\/posts"}],"about":[{"href":"https:\/\/santemc.quebec\/icentre\/wp-json\/wp\/v2\/types\/post"}],"author":[{"embeddable":true,"href":"https:\/\/santemc.quebec\/icentre\/wp-json\/wp\/v2\/users\/1"}],"replies":[{"embeddable":true,"href":"https:\/\/santemc.quebec\/icentre\/wp-json\/wp\/v2\/comments?post=3137"}],"version-history":[{"count":4,"href":"https:\/\/santemc.quebec\/icentre\/wp-json\/wp\/v2\/posts\/3137\/revisions"}],"predecessor-version":[{"id":3143,"href":"https:\/\/santemc.quebec\/icentre\/wp-json\/wp\/v2\/posts\/3137\/revisions\/3143"}],"wp:attachment":[{"href":"https:\/\/santemc.quebec\/icentre\/wp-json\/wp\/v2\/media?parent=3137"}],"wp:term":[{"taxonomy":"category","embeddable":true,"href":"https:\/\/santemc.quebec\/icentre\/wp-json\/wp\/v2\/categories?post=3137"},{"taxonomy":"post_tag","embeddable":true,"href":"https:\/\/santemc.quebec\/icentre\/wp-json\/wp\/v2\/tags?post=3137"}],"curies":[{"name":"wp","href":"https:\/\/api.w.org\/{rel}","templated":true}]}}