{"id":3144,"date":"2016-10-07T10:07:19","date_gmt":"2016-10-07T14:07:19","guid":{"rendered":"http:\/\/santemc.quebec\/icentre\/?p=3144"},"modified":"2016-10-07T10:08:57","modified_gmt":"2016-10-07T14:08:57","slug":"vivre-avec-un-enfant-different-conference-gratuite-ouverte-a-tous","status":"publish","type":"post","link":"https:\/\/santemc.quebec\/icentre\/vivre-avec-un-enfant-different-conference-gratuite-ouverte-a-tous\/","title":{"rendered":"Vivre avec un enfant diff\u00e9rent : conf\u00e9rence gratuite ouverte \u00e0 tous"},"content":{"rendered":"<p><em><a href=\"http:\/\/santemc.quebec\/santemc\/icentre\/wp-content\/uploads\/2016\/10\/Conference-CLSC_Automne2016.jpg\"><img decoding=\"async\" loading=\"lazy\" class=\"alignleft size-medium wp-image-3145\" src=\"http:\/\/santemc.quebec\/santemc\/icentre\/wp-content\/uploads\/2016\/10\/Conference-CLSC_Automne2016-264x300.jpg\" alt=\"conference-clsc_automne2016\" width=\"264\" height=\"300\" srcset=\"https:\/\/santemc.quebec\/santemc\/icentre\/wp-content\/uploads\/2016\/10\/Conference-CLSC_Automne2016-264x300.jpg 264w, https:\/\/santemc.quebec\/santemc\/icentre\/wp-content\/uploads\/2016\/10\/Conference-CLSC_Automne2016.jpg 375w\" sizes=\"(max-width: 264px) 100vw, 264px\" \/><\/a><\/em>Le 12 octobre prochain, deux intervenantes du RLS du Haut-Richelieu-Rouville animeront une conf\u00e9rence, pr\u00e9sent\u00e9e au CLSC de la Vall\u00e9e-des-Forts, sur le th\u00e8me \u00ab\u00a0Vivre avec un enfant diff\u00e9rent\u00a0\u00bb.<\/p>\n<p>Ouverte \u00e0 tous, la pr\u00e9sentation aborde la question de la diff\u00e9rence sous l\u2019angle psychosocial, sans \u00e9gard au type de diff\u00e9rence (physique, psychologique ou autre). Plusieurs points seront trait\u00e9s durant la conf\u00e9rence\u00a0: faire son deuil d\u2019un enfant \u00ab\u00a0normal\u00a0\u00bb, g\u00e9rer le diagnostic, la relation parent-enfant, etc. Les intervenantes prendront aussi le temps de r\u00e9pondre aux questions du public.<!--more--><\/p>\n<p>Pour assister \u00e0 cette conf\u00e9rence gratuite (offerte le 12 octobre 2016 et le 12 avril 2017), vous n\u2019avez qu\u2019\u00e0 vous inscrire par t\u00e9l\u00e9phone\u00a0: 450\u00a0358-2572, poste 2916.<\/p>\n","protected":false},"excerpt":{"rendered":"<p>Le 12 octobre prochain, deux intervenantes du RLS du Haut-Richelieu-Rouville animeront une conf\u00e9rence, pr\u00e9sent\u00e9e au CLSC de la Vall\u00e9e-des-Forts, sur le th\u00e8me \u00ab\u00a0Vivre avec un enfant diff\u00e9rent\u00a0\u00bb. Ouverte \u00e0 tous, la pr\u00e9sentation aborde la question de la diff\u00e9rence sous l\u2019angle &hellip; <a href=\"https:\/\/santemc.quebec\/icentre\/vivre-avec-un-enfant-different-conference-gratuite-ouverte-a-tous\/\">Continuer la lecture <span class=\"meta-nav\">&rarr;<\/span><\/a><\/p>\n","protected":false},"author":1,"featured_media":0,"comment_status":"open","ping_status":"closed","sticky":false,"template":"","format":"standard","meta":{"footnotes":""},"categories":[1],"tags":[78,77,79,80],"_links":{"self":[{"href":"https:\/\/santemc.quebec\/icentre\/wp-json\/wp\/v2\/posts\/3144"}],"collection":[{"href":"https:\/\/santemc.quebec\/icentre\/wp-json\/wp\/v2\/posts"}],"about":[{"href":"https:\/\/santemc.quebec\/icentre\/wp-json\/wp\/v2\/types\/post"}],"author":[{"embeddable":true,"href":"https:\/\/santemc.quebec\/icentre\/wp-json\/wp\/v2\/users\/1"}],"replies":[{"embeddable":true,"href":"https:\/\/santemc.quebec\/icentre\/wp-json\/wp\/v2\/comments?post=3144"}],"version-history":[{"count":3,"href":"https:\/\/santemc.quebec\/icentre\/wp-json\/wp\/v2\/posts\/3144\/revisions"}],"predecessor-version":[{"id":3148,"href":"https:\/\/santemc.quebec\/icentre\/wp-json\/wp\/v2\/posts\/3144\/revisions\/3148"}],"wp:attachment":[{"href":"https:\/\/santemc.quebec\/icentre\/wp-json\/wp\/v2\/media?parent=3144"}],"wp:term":[{"taxonomy":"category","embeddable":true,"href":"https:\/\/santemc.quebec\/icentre\/wp-json\/wp\/v2\/categories?post=3144"},{"taxonomy":"post_tag","embeddable":true,"href":"https:\/\/santemc.quebec\/icentre\/wp-json\/wp\/v2\/tags?post=3144"}],"curies":[{"name":"wp","href":"https:\/\/api.w.org\/{rel}","templated":true}]}}