{"id":3161,"date":"2016-10-12T15:43:38","date_gmt":"2016-10-12T19:43:38","guid":{"rendered":"http:\/\/santemc.quebec\/icentre\/?p=3161"},"modified":"2016-10-12T15:45:11","modified_gmt":"2016-10-12T19:45:11","slug":"la-vie-illustree-des-65-ans-et-moins-en-chsld","status":"publish","type":"post","link":"https:\/\/santemc.quebec\/icentre\/la-vie-illustree-des-65-ans-et-moins-en-chsld\/","title":{"rendered":"La vie illustr\u00e9e des 65 ans et moins en CHSLD"},"content":{"rendered":"<p>La Table des personnes handicap\u00e9es de la Rive-Sud lan\u00e7ait r\u00e9cemment un outil de sensibilisation original afin de mettre en lumi\u00e8re les diff\u00e9rents moyens d\u2019am\u00e9liorer la qualit\u00e9 de vie de r\u00e9sidents de 65 ans et moins en CHSLD. En effet, le projet pr\u00e9sentait sous forme de\u00a0 maquettes \u00e0 l\u2019allure de bandes dessin\u00e9es diff\u00e9rentes sc\u00e8nes du quotidien de cette client\u00e8le dont les besoins sont souvent diff\u00e9rents des plus \u00e2g\u00e9s.<!--more--><\/p>\n<p>Produites \u00e0 l\u2019intention des familles et usagers des RLS Pierre-Boucher et Champlain, les huit maquettes d\u00e9voileront graduellement au cours des prochains mois des bons coups r\u00e9alis\u00e9s au sein de centres d\u2019h\u00e9bergement de la r\u00e9gion. Les deux premi\u00e8res, dont l\u2019une pr\u00e9sente une initiative du Centre d\u2019h\u00e9bergement Champlain, sont maintenant disponibles par le biais des liens ci-dessous\u00a0:<\/p>\n<p><a href=\"http:\/\/santemc.quebec\/santemc\/icentre\/wp-content\/uploads\/2016\/10\/MAQUETTE-1.pdf\">5 \u00e0 7 \u00e0 la Brasserie du centre<\/a><\/p>\n<p><a href=\"http:\/\/santemc.quebec\/santemc\/icentre\/wp-content\/uploads\/2016\/10\/MAQUETTE-2.pdf\">Restez branch\u00e9<\/a><\/p>\n<p>Ce projet d\u00e9montre que la vie en CHSLD peut \u00eatre agr\u00e9able quand on en fait un v\u00e9ritable milieu de vie. Il s\u2019agit \u00e9galement d\u2019un bel hommage \u00e0 l\u2019endroit de tous les intervenants d\u00e9di\u00e9s au mieux-\u00eatre des r\u00e9sidents. Les affiches seront pr\u00e9sentes dans plusieurs lieux fr\u00e9quent\u00e9s des installations du CISSS, dont les centres d\u2019h\u00e9bergement, les CLSC et l\u2019h\u00f4pital. Elles peuvent \u00e9galement \u00eatre utilis\u00e9es et promues par les intervenants d\u00e9sireux d\u2019amener un autre regard sur la vie en CHSLD.<\/p>\n<p>Nous vous invitons \u00e0 demeurer attentif au d\u00e9ploiement des prochaines maquettes!<\/p>\n","protected":false},"excerpt":{"rendered":"<p>La Table des personnes handicap\u00e9es de la Rive-Sud lan\u00e7ait r\u00e9cemment un outil de sensibilisation original afin de mettre en lumi\u00e8re les diff\u00e9rents moyens d\u2019am\u00e9liorer la qualit\u00e9 de vie de r\u00e9sidents de 65 ans et moins en CHSLD. En effet, le &hellip; <a href=\"https:\/\/santemc.quebec\/icentre\/la-vie-illustree-des-65-ans-et-moins-en-chsld\/\">Continuer la lecture <span class=\"meta-nav\">&rarr;<\/span><\/a><\/p>\n","protected":false},"author":2,"featured_media":0,"comment_status":"open","ping_status":"closed","sticky":false,"template":"","format":"standard","meta":{"footnotes":""},"categories":[1],"tags":[],"_links":{"self":[{"href":"https:\/\/santemc.quebec\/icentre\/wp-json\/wp\/v2\/posts\/3161"}],"collection":[{"href":"https:\/\/santemc.quebec\/icentre\/wp-json\/wp\/v2\/posts"}],"about":[{"href":"https:\/\/santemc.quebec\/icentre\/wp-json\/wp\/v2\/types\/post"}],"author":[{"embeddable":true,"href":"https:\/\/santemc.quebec\/icentre\/wp-json\/wp\/v2\/users\/2"}],"replies":[{"embeddable":true,"href":"https:\/\/santemc.quebec\/icentre\/wp-json\/wp\/v2\/comments?post=3161"}],"version-history":[{"count":8,"href":"https:\/\/santemc.quebec\/icentre\/wp-json\/wp\/v2\/posts\/3161\/revisions"}],"predecessor-version":[{"id":3171,"href":"https:\/\/santemc.quebec\/icentre\/wp-json\/wp\/v2\/posts\/3161\/revisions\/3171"}],"wp:attachment":[{"href":"https:\/\/santemc.quebec\/icentre\/wp-json\/wp\/v2\/media?parent=3161"}],"wp:term":[{"taxonomy":"category","embeddable":true,"href":"https:\/\/santemc.quebec\/icentre\/wp-json\/wp\/v2\/categories?post=3161"},{"taxonomy":"post_tag","embeddable":true,"href":"https:\/\/santemc.quebec\/icentre\/wp-json\/wp\/v2\/tags?post=3161"}],"curies":[{"name":"wp","href":"https:\/\/api.w.org\/{rel}","templated":true}]}}