{"id":331,"date":"2015-06-02T10:26:45","date_gmt":"2015-06-02T14:26:45","guid":{"rendered":"http:\/\/santemc.quebec\/icentre\/?p=331"},"modified":"2015-06-02T10:26:45","modified_gmt":"2015-06-02T14:26:45","slug":"nomination-de-ladjointe-au-president-directeur-general-et-relations-avec-les-medias","status":"publish","type":"post","link":"https:\/\/santemc.quebec\/icentre\/nomination-de-ladjointe-au-president-directeur-general-et-relations-avec-les-medias\/","title":{"rendered":"Nomination de l\u2019adjointe au pr\u00e9sident-directeur g\u00e9n\u00e9ral et relations avec les m\u00e9dias"},"content":{"rendered":"<p>C\u2019est avec plaisir que je vous annonce la nomination de madame Martine Lesage au poste d\u2019adjointe au pr\u00e9sident-directeur g\u00e9n\u00e9ral et relations avec les m\u00e9dias pour le CISSS de la Mont\u00e9r\u00e9gie-Centre. Madame Lesage poss\u00e8de un baccalaur\u00e9at en communication publique de l\u2019Universit\u00e9 Laval et un dipl\u00f4me d\u2019\u00e9tudes sup\u00e9rieures de l\u2019\u00c9cole nationale d\u2019administration publique. Jusqu\u2019\u00e0 sa nomination, elle \u00e9tait coordonnatrice aux communications au CSSS Champlain \u2013 Charles-Le Moyne. Auparavant, elle a notamment \u00e9t\u00e9 conseill\u00e8re-cadre en communication au CSSS Richelieu-Yamaska et agente d\u2019information \u00e0 l\u2019Agence de la sant\u00e9 et des services sociaux de la Mont\u00e9r\u00e9gie.<!--more--><\/p>\n<p>Madame Lesage \u0153uvre dans le r\u00e9seau de la sant\u00e9 et des services sociaux depuis plus de 15 ans. Au cours de sa carri\u00e8re, elle a mis sur pied un grand nombre de campagnes de communication interne et externe, a effectu\u00e9 la gestion des relations publiques et m\u00e9diatiques, et l\u2019organisation d\u2019\u00e9v\u00e9nements d\u2019envergure. Elle a \u00e9galement particip\u00e9 au d\u00e9ploiement d\u2019une Strat\u00e9gie d\u2019intervention et de promotion d\u2019une culture de s\u00e9curit\u00e9 au CSSS Richelieu-Yamaska qui s\u2019est m\u00e9rit\u00e9e plusieurs prix \u00e0 l\u2019\u00e9chelle provinciale (AQESSS et MSSS) et qui a \u00e9t\u00e9 reconnue comme Pratique exemplaire par Agr\u00e9ment Canada.<\/p>\n<p>Faisant preuve de d\u00e9termination et de rigueur, madame Lesage se d\u00e9marque par son sens des responsabilit\u00e9s, sa cr\u00e9ativit\u00e9, ses qualit\u00e9s de rassembleuse et de mobilisatrice, et ses talents de communicatrice.<\/p>\n<p>Madame Lesage entrera en fonction le 8 juin prochain.<\/p>\n<p>Nous sommes tr\u00e8s heureux qu\u2019elle se joigne \u00e0 l\u2019\u00e9quipe d\u2019encadrement du CISSS de la Mont\u00e9r\u00e9gie-Centre et nous lui souhaitons la meilleure des chances dans l\u2019exercice de ses nouvelles fonctions, et tout le succ\u00e8s voulu dans la poursuite de sa carri\u00e8re.<\/p>\n","protected":false},"excerpt":{"rendered":"<p>C\u2019est avec plaisir que je vous annonce la nomination de madame Martine Lesage au poste d\u2019adjointe au pr\u00e9sident-directeur g\u00e9n\u00e9ral et relations avec les m\u00e9dias pour le CISSS de la Mont\u00e9r\u00e9gie-Centre. Madame Lesage poss\u00e8de un baccalaur\u00e9at en communication publique de l\u2019Universit\u00e9 &hellip; <a href=\"https:\/\/santemc.quebec\/icentre\/nomination-de-ladjointe-au-president-directeur-general-et-relations-avec-les-medias\/\">Continuer la lecture <span class=\"meta-nav\">&rarr;<\/span><\/a><\/p>\n","protected":false},"author":1,"featured_media":0,"comment_status":"open","ping_status":"closed","sticky":false,"template":"","format":"standard","meta":{"footnotes":""},"categories":[2],"tags":[8],"_links":{"self":[{"href":"https:\/\/santemc.quebec\/icentre\/wp-json\/wp\/v2\/posts\/331"}],"collection":[{"href":"https:\/\/santemc.quebec\/icentre\/wp-json\/wp\/v2\/posts"}],"about":[{"href":"https:\/\/santemc.quebec\/icentre\/wp-json\/wp\/v2\/types\/post"}],"author":[{"embeddable":true,"href":"https:\/\/santemc.quebec\/icentre\/wp-json\/wp\/v2\/users\/1"}],"replies":[{"embeddable":true,"href":"https:\/\/santemc.quebec\/icentre\/wp-json\/wp\/v2\/comments?post=331"}],"version-history":[{"count":1,"href":"https:\/\/santemc.quebec\/icentre\/wp-json\/wp\/v2\/posts\/331\/revisions"}],"predecessor-version":[{"id":332,"href":"https:\/\/santemc.quebec\/icentre\/wp-json\/wp\/v2\/posts\/331\/revisions\/332"}],"wp:attachment":[{"href":"https:\/\/santemc.quebec\/icentre\/wp-json\/wp\/v2\/media?parent=331"}],"wp:term":[{"taxonomy":"category","embeddable":true,"href":"https:\/\/santemc.quebec\/icentre\/wp-json\/wp\/v2\/categories?post=331"},{"taxonomy":"post_tag","embeddable":true,"href":"https:\/\/santemc.quebec\/icentre\/wp-json\/wp\/v2\/tags?post=331"}],"curies":[{"name":"wp","href":"https:\/\/api.w.org\/{rel}","templated":true}]}}