{"id":333,"date":"2015-06-02T14:10:04","date_gmt":"2015-06-02T18:10:04","guid":{"rendered":"http:\/\/santemc.quebec\/icentre\/?p=333"},"modified":"2015-06-02T14:11:25","modified_gmt":"2015-06-02T18:11:25","slug":"333","status":"publish","type":"post","link":"https:\/\/santemc.quebec\/icentre\/333\/","title":{"rendered":"Nomination de la directrice adjointe du programme jeunesse"},"content":{"rendered":"<p>C\u2019est avec plaisir que je vous annonce la nomination de madame Caroline Beno\u00eet au poste de directrice adjointe du programme jeunesse pour le CISSS de la Mont\u00e9r\u00e9gie-Centre. Madame Beno\u00eet poss\u00e8de un baccalaur\u00e9at sp\u00e9cialis\u00e9 en criminologie de l\u2019Universit\u00e9 d\u2019Ottawa, une ma\u00eetrise en service social de l\u2019Universit\u00e9 de Montr\u00e9al et un dipl\u00f4me de 2e cycle en gestion de la sant\u00e9 et des services sociaux de l\u2019\u00c9cole nationale d\u2019administration publique. Jusqu\u2019\u00e0 sa nomination, elle \u00e9tait directrice des programmes Famille-Enfance-Jeunesse au CSSS Champlain \u2013 Charles-Le Moyne. Auparavant, elle a notamment \u00e9t\u00e9 chef d\u2019administration des programmes Famille-Enfance-Jeunesse, coordonnatrice de l\u2019\u00e9quipe d\u2019intervention jeunesse et travailleuse sociale au m\u00eame endroit. <!--more-->Elle a aussi oeuvr\u00e9 au sein d\u2019entreprises d\u2019insertion socioprofessionnelle dans la r\u00e9gion de Montr\u00e9al.<\/p>\n<p>Dot\u00e9e d\u2019un leadership mobilisateur et d\u2019une vision strat\u00e9gique, madame Beno\u00eet, qui b\u00e9n\u00e9ficie d\u2019une exp\u00e9rience professionnelle de plus de 15 ans, favorise le travail de partenariat dans le d\u00e9veloppement de l\u2019offre de services en veillant avec rigueur \u00e0 l\u2019accessibilit\u00e9 et \u00e0 la qualit\u00e9 des services rendus \u00e0 la client\u00e8le. Sa gestion est \u00e9galement ax\u00e9e sur le d\u00e9veloppement d\u2019une offre de services qui place l\u2019usager au coeur des d\u00e9cisions.<\/p>\n<p>Madame Beno\u00eet est reconnue pour son engagement \u00e0 atteindre les objectifs organisationnels. Innovatrice et dynamique, elle a mis en oeuvre plusieurs programmes et a implant\u00e9 des changements de pratiques et d\u2019organisation de services au sein de ses \u00e9quipes, tout en visant l\u2019optimisation des ressources dans un contexte d\u2019accroissement des besoins.<\/p>\n<p>Nous sommes tr\u00e8s heureux qu\u2019elle se joigne \u00e0 l\u2019\u00e9quipe de direction du CISSS de la Mont\u00e9r\u00e9gie-Centre et nous lui souhaitons la meilleure des chances dans l\u2019exercice de ses nouvelles fonctions, et tout le succ\u00e8s voulu dans la poursuite de sa carri\u00e8re.<\/p>\n","protected":false},"excerpt":{"rendered":"<p>C\u2019est avec plaisir que je vous annonce la nomination de madame Caroline Beno\u00eet au poste de directrice adjointe du programme jeunesse pour le CISSS de la Mont\u00e9r\u00e9gie-Centre. Madame Beno\u00eet poss\u00e8de un baccalaur\u00e9at sp\u00e9cialis\u00e9 en criminologie de l\u2019Universit\u00e9 d\u2019Ottawa, une ma\u00eetrise &hellip; <a href=\"https:\/\/santemc.quebec\/icentre\/333\/\">Continuer la lecture <span class=\"meta-nav\">&rarr;<\/span><\/a><\/p>\n","protected":false},"author":1,"featured_media":0,"comment_status":"open","ping_status":"closed","sticky":false,"template":"","format":"standard","meta":{"footnotes":""},"categories":[2],"tags":[8],"_links":{"self":[{"href":"https:\/\/santemc.quebec\/icentre\/wp-json\/wp\/v2\/posts\/333"}],"collection":[{"href":"https:\/\/santemc.quebec\/icentre\/wp-json\/wp\/v2\/posts"}],"about":[{"href":"https:\/\/santemc.quebec\/icentre\/wp-json\/wp\/v2\/types\/post"}],"author":[{"embeddable":true,"href":"https:\/\/santemc.quebec\/icentre\/wp-json\/wp\/v2\/users\/1"}],"replies":[{"embeddable":true,"href":"https:\/\/santemc.quebec\/icentre\/wp-json\/wp\/v2\/comments?post=333"}],"version-history":[{"count":3,"href":"https:\/\/santemc.quebec\/icentre\/wp-json\/wp\/v2\/posts\/333\/revisions"}],"predecessor-version":[{"id":336,"href":"https:\/\/santemc.quebec\/icentre\/wp-json\/wp\/v2\/posts\/333\/revisions\/336"}],"wp:attachment":[{"href":"https:\/\/santemc.quebec\/icentre\/wp-json\/wp\/v2\/media?parent=333"}],"wp:term":[{"taxonomy":"category","embeddable":true,"href":"https:\/\/santemc.quebec\/icentre\/wp-json\/wp\/v2\/categories?post=333"},{"taxonomy":"post_tag","embeddable":true,"href":"https:\/\/santemc.quebec\/icentre\/wp-json\/wp\/v2\/tags?post=333"}],"curies":[{"name":"wp","href":"https:\/\/api.w.org\/{rel}","templated":true}]}}