{"id":340,"date":"2015-06-04T13:34:08","date_gmt":"2015-06-04T17:34:08","guid":{"rendered":"http:\/\/santemc.quebec\/icentre\/?p=340"},"modified":"2015-06-04T13:34:08","modified_gmt":"2015-06-04T17:34:08","slug":"nomination-du-directeur-adjoint-ressources-humaines-operations","status":"publish","type":"post","link":"https:\/\/santemc.quebec\/icentre\/nomination-du-directeur-adjoint-ressources-humaines-operations\/","title":{"rendered":"Nomination du directeur adjoint ressources humaines \u2013 op\u00e9rations"},"content":{"rendered":"<p>C\u2019est avec plaisir que je vous annonce la nomination de monsieur St\u00e9phane T\u00e9treault au poste de directeur adjoint ressources humaines \u2013 op\u00e9rations pour le CISSS de la Mont\u00e9r\u00e9gie-Centre. Monsieur T\u00e9treault poss\u00e8de une vaste exp\u00e9rience professionnelle de plus de 29 ans, dont 17 \u00e0 titre de cadre sup\u00e9rieur dans le r\u00e9seau de la sant\u00e9 et des services sociaux. En effet, jusqu\u2019\u00e0 sa nomination, il \u00e9tait directeur des ressources humaines par int\u00e9rim au CSSS la Pommeraie. Auparavant, il a notamment \u00e9t\u00e9 directeur des ressources humaines et informationnelles au Centre mont\u00e9r\u00e9gien de r\u00e9adaptation, directeur des ressources humaines et informationnelles au CLSC de la Haute-Yamaska et CHSLD Horace-Boivin ainsi que coordonnateur et directeur des ressources humaines au CLSC et CHSLD de la Pommeraie.<!--more-->D\u00e9tenteur d\u2019un baccalaur\u00e9at en relations industrielles, d\u2019un certificat en sant\u00e9 et s\u00e9curit\u00e9 au travail et d\u2019un dipl\u00f4me d\u2019\u00e9tudes sup\u00e9rieures de 2e cycle en administration publique, monsieur T\u00e9treault se d\u00e9marque par son leadership mobilisateur, ses habilet\u00e9s en gestion du changement et en r\u00e9solution de probl\u00e8mes, son esprit d\u2019\u00e9quipe et sa grande rigueur. Communicateur efficace et faisant preuve d\u2019un grand engagement, monsieur T\u00e9treault a particip\u00e9 activement \u00e0 plusieurs transformations organisationnelles et fusions d\u2019\u00e9tablissements au cours de sa carri\u00e8re ainsi qu\u2019\u00e0 la mise en place de services de proximit\u00e9 dans un mod\u00e8le de partenariat d\u2019affaires dans le secteur des ressources humaines. Sa pratique professionnelle mise d\u2019ailleurs sur l\u2019efficience, le partenariat, la collaboration et une vision strat\u00e9gique de la gestion des ressources humaines.<\/p>\n<p>Monsieur T\u00e9treault entrera en fonction le 15 juin prochain.<\/p>\n<p>Nous sommes tr\u00e8s heureux qu\u2019il se joigne \u00e0 l\u2019\u00e9quipe de direction du CISSS de la Mont\u00e9r\u00e9gie-Centre et nous lui souhaitons la meilleure des chances dans l\u2019exercice de ses nouvelles fonctions, et tout le succ\u00e8s voulu dans la poursuite de sa carri\u00e8re.<\/p>\n","protected":false},"excerpt":{"rendered":"<p>C\u2019est avec plaisir que je vous annonce la nomination de monsieur St\u00e9phane T\u00e9treault au poste de directeur adjoint ressources humaines \u2013 op\u00e9rations pour le CISSS de la Mont\u00e9r\u00e9gie-Centre. Monsieur T\u00e9treault poss\u00e8de une vaste exp\u00e9rience professionnelle de plus de 29 ans, &hellip; <a href=\"https:\/\/santemc.quebec\/icentre\/nomination-du-directeur-adjoint-ressources-humaines-operations\/\">Continuer la lecture <span class=\"meta-nav\">&rarr;<\/span><\/a><\/p>\n","protected":false},"author":1,"featured_media":0,"comment_status":"open","ping_status":"closed","sticky":false,"template":"","format":"standard","meta":{"footnotes":""},"categories":[2],"tags":[8],"_links":{"self":[{"href":"https:\/\/santemc.quebec\/icentre\/wp-json\/wp\/v2\/posts\/340"}],"collection":[{"href":"https:\/\/santemc.quebec\/icentre\/wp-json\/wp\/v2\/posts"}],"about":[{"href":"https:\/\/santemc.quebec\/icentre\/wp-json\/wp\/v2\/types\/post"}],"author":[{"embeddable":true,"href":"https:\/\/santemc.quebec\/icentre\/wp-json\/wp\/v2\/users\/1"}],"replies":[{"embeddable":true,"href":"https:\/\/santemc.quebec\/icentre\/wp-json\/wp\/v2\/comments?post=340"}],"version-history":[{"count":1,"href":"https:\/\/santemc.quebec\/icentre\/wp-json\/wp\/v2\/posts\/340\/revisions"}],"predecessor-version":[{"id":341,"href":"https:\/\/santemc.quebec\/icentre\/wp-json\/wp\/v2\/posts\/340\/revisions\/341"}],"wp:attachment":[{"href":"https:\/\/santemc.quebec\/icentre\/wp-json\/wp\/v2\/media?parent=340"}],"wp:term":[{"taxonomy":"category","embeddable":true,"href":"https:\/\/santemc.quebec\/icentre\/wp-json\/wp\/v2\/categories?post=340"},{"taxonomy":"post_tag","embeddable":true,"href":"https:\/\/santemc.quebec\/icentre\/wp-json\/wp\/v2\/tags?post=340"}],"curies":[{"name":"wp","href":"https:\/\/api.w.org\/{rel}","templated":true}]}}