{"id":342,"date":"2015-06-04T15:38:13","date_gmt":"2015-06-04T19:38:13","guid":{"rendered":"http:\/\/santemc.quebec\/icentre\/?p=342"},"modified":"2015-06-04T15:41:56","modified_gmt":"2015-06-04T19:41:56","slug":"la-ministre-lucie-charlebois-procede-au-lancement-du-programme-provincial-de-developpement-des-habiletes-compensatoires","status":"publish","type":"post","link":"https:\/\/santemc.quebec\/icentre\/la-ministre-lucie-charlebois-procede-au-lancement-du-programme-provincial-de-developpement-des-habiletes-compensatoires\/","title":{"rendered":"La ministre Lucie Charlebois proc\u00e8de au lancement du Programme provincial de d\u00e9veloppement des habilet\u00e9s compensatoires"},"content":{"rendered":"<p>La ministre d\u00e9l\u00e9gu\u00e9e \u00e0 la R\u00e9adaptation, \u00e0 la Protection de la jeunesse et \u00e0 la Sant\u00e9 publique, madame Lucie Charlebois, a annonc\u00e9 aujourd\u2019hui une aide financi\u00e8re r\u00e9currente de 100\u00a0000\u00a0$ du gouvernement du Qu\u00e9bec, qui sera attribu\u00e9e au d\u00e9ploiement du Programme provincial de d\u00e9veloppement des habilet\u00e9s compensatoires avec un syst\u00e8me t\u00e9lescopique bioptique (STB). Ce Programme permettra \u00e0 des personnes ayant une basse vision et r\u00e9pondant \u00e0 des crit\u00e8res pr\u00e9cis de d\u00e9velopper l\u2019ensemble de leurs habilet\u00e9s afin de conduire une automobile.<!--more--><\/p>\n<p>\u00ab\u00a0Je me r\u00e9jouis \u00e9norm\u00e9ment de cette avanc\u00e9e formidable, car elle permettra aux personnes ayant une d\u00e9ficience visuelle de faire des gains importants en mati\u00e8re d\u2019autonomie et de participation sociale. Nous savons que l\u2019acquisition ou la r\u00e9cup\u00e9ration des habilet\u00e9s \u00e0 conduire une automobile a des impacts extr\u00eamement positifs sur la vie des gens. Elle leur permet de rester actifs. Je suis donc tr\u00e8s fi\u00e8re de l\u2019aboutissement de ce projet, qui repose \u00e0 la fois sur une expertise pointue dans le domaine de la vision et sur la technologie\u00a0\u00bb, a d\u00e9clar\u00e9 la ministre.<\/p>\n<p>Le syst\u00e8me t\u00e9lescopique bioptique est une aide optique donnant \u00e0 l\u2019utilisateur une meilleure acuit\u00e9 visuelle. Dans le cadre du Programme, l\u2019usager doit d\u2019abord se familiariser avec cet outil en vue d\u2019utiliser de fa\u00e7on optimale son potentiel visuel. Dans une seconde \u00e9tape, il est amen\u00e9 \u00e0 d\u00e9velopper les connaissances et les habilet\u00e9s visuelles pr\u00e9alables \u00e0 la conduite automobile, gr\u00e2ce \u00e0 des m\u00e9thodes d\u2019entra\u00eenement sp\u00e9cifiques et avec l\u2019aide d\u2019un simulateur de conduite auto. Durant le processus, il est encadr\u00e9 par une \u00e9quipe form\u00e9e d\u2019un optom\u00e9triste et d\u2019un sp\u00e9cialiste en orientation et mobilit\u00e9. Finalement, l\u2019usager suit une formation sur la route avant de pouvoir entreprendre la d\u00e9marche menant \u00e0 l\u2019obtention du permis de conduire, au m\u00eame titre que les autres apprentis conducteurs.<\/p>\n<p>\u00ab\u00a0Le Programme est ing\u00e9nieux et a d\u00e9j\u00e0 fait ses preuves. Toutes les personnes ayant suivi ce programme \u00e0 l\u2019\u00e9tape de son projet-pilote ont r\u00e9ussi par la suite \u00e0 obtenir leur permis de conduire de la Soci\u00e9t\u00e9 de l\u2019assurance automobile du Qu\u00e9bec. Par ailleurs, la s\u00e9curit\u00e9 de l\u2019usager, de m\u00eame que celle des passagers et des citoyens, constitue l\u2019un des principes fondamentaux du programme\u00a0\u00bb, a conclu la ministre.<\/p>\n<p>Le Programme provincial de conduite automobile avec un STB a \u00e9t\u00e9 \u00e9labor\u00e9 conjointement par l\u2019Institut Nazareth et Louis-Braille (INLB) et l\u2019Institut de r\u00e9adaptation en d\u00e9ficience physique de Qu\u00e9bec (IRDPQ). \u00c0 ce jour, ces organisations sont les seules au Qu\u00e9bec \u00e0 offrir cette solution aux personnes ayant une d\u00e9ficience visuelle de toutes les r\u00e9gions.<\/p>\n<p>SOURCE\u00a0:\u00a0Cabinet de la ministre d\u00e9l\u00e9gu\u00e9e \u00e0 la R\u00e9adaptation, \u00e0 la Protection de la jeunesse et \u00e0 la Sant\u00e9 publique<\/p>\n","protected":false},"excerpt":{"rendered":"<p>La ministre d\u00e9l\u00e9gu\u00e9e \u00e0 la R\u00e9adaptation, \u00e0 la Protection de la jeunesse et \u00e0 la Sant\u00e9 publique, madame Lucie Charlebois, a annonc\u00e9 aujourd\u2019hui une aide financi\u00e8re r\u00e9currente de 100\u00a0000\u00a0$ du gouvernement du Qu\u00e9bec, qui sera attribu\u00e9e au d\u00e9ploiement du Programme &hellip; <a href=\"https:\/\/santemc.quebec\/icentre\/la-ministre-lucie-charlebois-procede-au-lancement-du-programme-provincial-de-developpement-des-habiletes-compensatoires\/\">Continuer la lecture <span class=\"meta-nav\">&rarr;<\/span><\/a><\/p>\n","protected":false},"author":1,"featured_media":0,"comment_status":"open","ping_status":"closed","sticky":false,"template":"","format":"standard","meta":{"footnotes":""},"categories":[10],"tags":[19],"_links":{"self":[{"href":"https:\/\/santemc.quebec\/icentre\/wp-json\/wp\/v2\/posts\/342"}],"collection":[{"href":"https:\/\/santemc.quebec\/icentre\/wp-json\/wp\/v2\/posts"}],"about":[{"href":"https:\/\/santemc.quebec\/icentre\/wp-json\/wp\/v2\/types\/post"}],"author":[{"embeddable":true,"href":"https:\/\/santemc.quebec\/icentre\/wp-json\/wp\/v2\/users\/1"}],"replies":[{"embeddable":true,"href":"https:\/\/santemc.quebec\/icentre\/wp-json\/wp\/v2\/comments?post=342"}],"version-history":[{"count":2,"href":"https:\/\/santemc.quebec\/icentre\/wp-json\/wp\/v2\/posts\/342\/revisions"}],"predecessor-version":[{"id":344,"href":"https:\/\/santemc.quebec\/icentre\/wp-json\/wp\/v2\/posts\/342\/revisions\/344"}],"wp:attachment":[{"href":"https:\/\/santemc.quebec\/icentre\/wp-json\/wp\/v2\/media?parent=342"}],"wp:term":[{"taxonomy":"category","embeddable":true,"href":"https:\/\/santemc.quebec\/icentre\/wp-json\/wp\/v2\/categories?post=342"},{"taxonomy":"post_tag","embeddable":true,"href":"https:\/\/santemc.quebec\/icentre\/wp-json\/wp\/v2\/tags?post=342"}],"curies":[{"name":"wp","href":"https:\/\/api.w.org\/{rel}","templated":true}]}}