{"id":345,"date":"2015-06-08T15:41:51","date_gmt":"2015-06-08T19:41:51","guid":{"rendered":"http:\/\/santemc.quebec\/icentre\/?p=345"},"modified":"2015-06-08T15:41:51","modified_gmt":"2015-06-08T19:41:51","slug":"nomination-de-la-directrice-des-ressources-financieres","status":"publish","type":"post","link":"https:\/\/santemc.quebec\/icentre\/nomination-de-la-directrice-des-ressources-financieres\/","title":{"rendered":"Nomination de la directrice des ressources financi\u00e8res"},"content":{"rendered":"<p>C\u2019est avec plaisir que je vous annonce la nomination de madame Denise B\u00e9dard au poste de directrice des ressources financi\u00e8res pour le CISSS de la Mont\u00e9r\u00e9gie-Centre. Madame B\u00e9dard poss\u00e8de une vaste exp\u00e9rience professionnelle de plus de 22 ans comme cadre sup\u00e9rieur dans le r\u00e9seau de la sant\u00e9 et des services sociaux. En effet, jusqu\u2019\u00e0 sa nomination, elle \u00e9tait directrice des ressources services administratifs au Centre jeunesse de la Mont\u00e9r\u00e9gie. Auparavant, elle a \u00e9galement occup\u00e9 la fonction de directrice des ressources financi\u00e8res au CSSS Champlain\u2013Charles-Le Moyne, au CSSS Haut-Richelieu \u2013 Rouville ainsi qu\u2019au CSSS St-L\u00e9onard et St-Michel.<!--more--><\/p>\n<p>D\u00e9tentrice d\u2019un baccalaur\u00e9at en administration des affaires et membre en r\u00e8gle de l\u2019Ordre des comptables professionnels du Qu\u00e9bec (CPA-CA), madame B\u00e9dard est reconnue comme une gestionnaire rigoureuse et int\u00e8gre qui s\u2019int\u00e9resse aux divers processus administratifs avec le souci de l\u2019am\u00e9lioration continue. Au cours de sa carri\u00e8re, elle a acquis une exp\u00e9rience significative en gestion du changement et en accompagnement des \u00e9quipes et des gestionnaires dans des contextes de r\u00e9organisation majeure et complexe.<\/p>\n<p>De plus, son engagement et sa capacit\u00e9 \u00e0 \u00e9tablir des partenariats efficaces favorisent la cr\u00e9ation d\u2019une synergie propice \u00e0 la r\u00e9alisation de dossiers transversaux. Ainsi, poss\u00e9dant un leadership mobilisateur et une vision strat\u00e9gique, madame B\u00e9dard a su d\u00e9montrer au fil des ann\u00e9es sa capacit\u00e9 \u00e0 bien comprendre les enjeux administratifs, cliniques et l\u00e9gaux des \u00e9tablissements de sant\u00e9.<\/p>\n<p>Nous sommes tr\u00e8s heureux qu\u2019elle se joigne \u00e0 l\u2019\u00e9quipe de direction du CISSS de la Mont\u00e9r\u00e9gie-Centre et nous lui souhaitons la meilleure des chances dans l\u2019exercice de ses nouvelles fonctions, et tout le succ\u00e8s voulu dans la poursuite de sa carri\u00e8re.<\/p>\n","protected":false},"excerpt":{"rendered":"<p>C\u2019est avec plaisir que je vous annonce la nomination de madame Denise B\u00e9dard au poste de directrice des ressources financi\u00e8res pour le CISSS de la Mont\u00e9r\u00e9gie-Centre. Madame B\u00e9dard poss\u00e8de une vaste exp\u00e9rience professionnelle de plus de 22 ans comme cadre &hellip; <a href=\"https:\/\/santemc.quebec\/icentre\/nomination-de-la-directrice-des-ressources-financieres\/\">Continuer la lecture <span class=\"meta-nav\">&rarr;<\/span><\/a><\/p>\n","protected":false},"author":1,"featured_media":0,"comment_status":"open","ping_status":"closed","sticky":false,"template":"","format":"standard","meta":{"footnotes":""},"categories":[2],"tags":[8],"_links":{"self":[{"href":"https:\/\/santemc.quebec\/icentre\/wp-json\/wp\/v2\/posts\/345"}],"collection":[{"href":"https:\/\/santemc.quebec\/icentre\/wp-json\/wp\/v2\/posts"}],"about":[{"href":"https:\/\/santemc.quebec\/icentre\/wp-json\/wp\/v2\/types\/post"}],"author":[{"embeddable":true,"href":"https:\/\/santemc.quebec\/icentre\/wp-json\/wp\/v2\/users\/1"}],"replies":[{"embeddable":true,"href":"https:\/\/santemc.quebec\/icentre\/wp-json\/wp\/v2\/comments?post=345"}],"version-history":[{"count":1,"href":"https:\/\/santemc.quebec\/icentre\/wp-json\/wp\/v2\/posts\/345\/revisions"}],"predecessor-version":[{"id":346,"href":"https:\/\/santemc.quebec\/icentre\/wp-json\/wp\/v2\/posts\/345\/revisions\/346"}],"wp:attachment":[{"href":"https:\/\/santemc.quebec\/icentre\/wp-json\/wp\/v2\/media?parent=345"}],"wp:term":[{"taxonomy":"category","embeddable":true,"href":"https:\/\/santemc.quebec\/icentre\/wp-json\/wp\/v2\/categories?post=345"},{"taxonomy":"post_tag","embeddable":true,"href":"https:\/\/santemc.quebec\/icentre\/wp-json\/wp\/v2\/tags?post=345"}],"curies":[{"name":"wp","href":"https:\/\/api.w.org\/{rel}","templated":true}]}}